{"id":920,"date":"2020-03-08T14:52:54","date_gmt":"2020-03-08T14:52:54","guid":{"rendered":"https:\/\/gradjanskipreokret.rs\/?p=920"},"modified":"2020-03-08T14:52:56","modified_gmt":"2020-03-08T14:52:56","slug":"hocemo-li-toplani-jednom-reci-dosta","status":"publish","type":"post","link":"https:\/\/gradjanskipreokret.rs\/index.php\/2020\/03\/08\/hocemo-li-toplani-jednom-reci-dosta\/","title":{"rendered":"Ho\u0107emo li toplani jednom re\u0107i: DOSTA!?"},"content":{"rendered":"\n<p><strong>Autorski tekst: Du\u0161an Kokot<\/strong><\/p>\n\n\n\n<p>JKP Gradska toplana Zrenjanin\nje firma u vlasni\u0161tvu svih gra\u0111ana Zrenjanina, firma \u010dije tro\u0161kove rada i\nzarada zaposlenih pla\u0107aju svi potro\u0161a\u010di, firma koja je jedan od najve\u0107ih\nlopova, firma koja krade i ne pita, firma od koje ni umrlicom ne mo\u017ee da se pobegne.<\/p>\n\n\n\n<p>Finansijski izve\u0161taj\ngradske toplane ka\u017ee da joj je kreditno zadu\u017eenje ve\u0107e od 388 miliona dinara, od\n\u010dega je ovosezonski dug 82 miliona dinara. Ova firma je pre po\u010detka grejne\nsezone poklonila vlasni\u0161tvo nad gasnom infrastrukturom Srbijagasu da bi\nsmanjila dug. Drugim re\u010dima, poklonila je mre\u017eu koju su svojim novcem izgradili\nkorisnici gasa u Zrenjaninu. Poklonila je istom onom Srbijagasu kojem se novcem\niz bud\u017eeta dr\u017eave pokrivaju dugovi.<\/p>\n\n\n\n<p>Gradska toplana saop\u0161tava da je dug nastao zbog \u201etople zime\u201c, a ve\u0107 pet godina napla\u0107uje grejanje po utro\u0161ku! Kako, u takvoj situaciji, nastaje dug zbog tople zime? Ako je zima topla, manje se tro\u0161i, ako se manje tro\u0161i, ra\u010duni su manji. Gde je onda nastao dug? <\/p>\n\n\n\n<p>\u0160ta se jo\u0161 dozvoljava osvedo\u010denim lopovima i secikesama?<br>Poslednjih dana, kao u pravom zlatnom dobu, toplana kupuje nov automobil i ugovara novo osiguranje zaposlenih. Da se ne bi \u201etruckali\u201c po ovda\u0161njim drumovima, direktori gradske toplane znaju ta\u010dno \u0161ta ho\u0107e: metalik crnu, 18 in\u010da felne, greja\u010de zadnjice&#8230;<\/p>\n\n\n\n<figure class=\"wp-block-image\"><img loading=\"lazy\" decoding=\"async\" width=\"1024\" height=\"652\" src=\"https:\/\/gradjanskipreokret.rs\/wp-content\/uploads\/2020\/03\/skoda2-1024x652.png\" alt=\"\" class=\"wp-image-921\" srcset=\"https:\/\/gradjanskipreokret.rs\/wp-content\/uploads\/2020\/03\/skoda2-1024x652.png 1024w, https:\/\/gradjanskipreokret.rs\/wp-content\/uploads\/2020\/03\/skoda2-300x191.png 300w, https:\/\/gradjanskipreokret.rs\/wp-content\/uploads\/2020\/03\/skoda2-768x489.png 768w, https:\/\/gradjanskipreokret.rs\/wp-content\/uploads\/2020\/03\/skoda2-360x230.png 360w, https:\/\/gradjanskipreokret.rs\/wp-content\/uploads\/2020\/03\/skoda2.png 1122w\" sizes=\"auto, (max-width: 1024px) 100vw, 1024px\" \/><\/figure>\n\n\n\n<p>Preko 20 hiljada evra za kupovinu slu\u017ebenog automobila. Ne za kupovinu terenskog koji treba da krpi ispucale cevi, ve\u0107 vozila kojim \u0107e direktori, svih fela i svih stranaka vlasti (biv\u0161ih i sada\u0161nje) prevoziti stra\u017enjicu od ku\u0107e do kafane i partije. Mo\u017eda i na sastanak Udru\u017eenja toplana, kartela koga ne interesuje zakon ve\u0107 rade kako im se ho\u0107e. Tamo, izgleda, nije red da se pojave u vozilu starom dve, tri godine.<\/p>\n\n\n\n<figure class=\"wp-block-image\"><img loading=\"lazy\" decoding=\"async\" width=\"939\" height=\"352\" src=\"https:\/\/gradjanskipreokret.rs\/wp-content\/uploads\/2020\/03\/skoda3.png\" alt=\"\" class=\"wp-image-922\" srcset=\"https:\/\/gradjanskipreokret.rs\/wp-content\/uploads\/2020\/03\/skoda3.png 939w, https:\/\/gradjanskipreokret.rs\/wp-content\/uploads\/2020\/03\/skoda3-300x112.png 300w, https:\/\/gradjanskipreokret.rs\/wp-content\/uploads\/2020\/03\/skoda3-768x288.png 768w\" sizes=\"auto, (max-width: 939px) 100vw, 939px\" \/><\/figure>\n\n\n\n<p>Dobrovoljno penziono i\nzdravstveno osiguranje zaposlenih gradske toplane odavno pla\u0107aju potro\u0161a\u010di. Na\njednoj tribini pre dva meseca PR toplane Melanija Lojpur re\u010de da je to toliko\nmalo para da gra\u0111ani ne bi ni osetili ukidanje. Taj izdatak se pla\u0107a kroz\nfiksni deo koji pla\u0107aju \u010dak i oni koji su se isklju\u010dili s daljinskog grejanja. <\/p>\n\n\n\n<p>Na kraju, da bi mogli da nastave opisanu praksu, Skup\u0161tina grada Zrenjanina izmenila je odluku o na\u010dinu isklju\u010denja sa mre\u017ee. Onaj ko ho\u0107e da se isklju\u010di (da svoj svoj stan, svoje cevi i radijatore, svoje vlasni\u0161tvo odvoji od toplane) mora\u0107e to da plati iznosom u vrednosti bar jedne \u0160kode Superb.  To je mera zlatnog doba u kome \u017eivimo, doba u kome nema gra\u0111ana ve\u0107 podanika. Ho\u0107emo li re\u0107i: DOSTA!? <\/p>\n","protected":false},"excerpt":{"rendered":"<p>Autorski tekst: Du\u0161an Kokot JKP Gradska toplana Zrenjanin je firma u vlasni\u0161tvu svih gra\u0111ana Zrenjanina, firma \u010dije tro\u0161kove rada i<\/p>\n","protected":false},"author":1,"featured_media":120,"comment_status":"closed","ping_status":"open","sticky":false,"template":"","format":"standard","meta":{"footnotes":""},"categories":[14,11],"tags":[],"class_list":["post-920","post","type-post","status-publish","format-standard","has-post-thumbnail","hentry","category-arhiva","category-misljenja"],"yoast_head":"<!-- This site is optimized with the Yoast SEO plugin v26.3 - https:\/\/yoast.com\/wordpress\/plugins\/seo\/ -->\n<title>Ho\u0107emo li toplani jednom re\u0107i: DOSTA!? - Gra\u0111anski preokret<\/title>\n<meta name=\"robots\" content=\"index, follow, max-snippet:-1, max-image-preview:large, max-video-preview:-1\" \/>\n<link rel=\"canonical\" href=\"https:\/\/gradjanskipreokret.rs\/index.php\/2020\/03\/08\/hocemo-li-toplani-jednom-reci-dosta\/\" \/>\n<meta property=\"og:locale\" content=\"en_US\" \/>\n<meta property=\"og:type\" content=\"article\" \/>\n<meta property=\"og:title\" content=\"Ho\u0107emo li toplani jednom re\u0107i: DOSTA!? - Gra\u0111anski preokret\" \/>\n<meta property=\"og:description\" content=\"Autorski tekst: Du\u0161an Kokot JKP Gradska toplana Zrenjanin je firma u vlasni\u0161tvu svih gra\u0111ana Zrenjanina, firma \u010dije tro\u0161kove rada i\" \/>\n<meta property=\"og:url\" content=\"https:\/\/gradjanskipreokret.rs\/index.php\/2020\/03\/08\/hocemo-li-toplani-jednom-reci-dosta\/\" \/>\n<meta property=\"og:site_name\" content=\"Gra\u0111anski preokret\" \/>\n<meta property=\"article:publisher\" content=\"https:\/\/www.facebook.com\/gradjanskipreokret\/\" \/>\n<meta property=\"article:published_time\" content=\"2020-03-08T14:52:54+00:00\" \/>\n<meta property=\"article:modified_time\" content=\"2020-03-08T14:52:56+00:00\" \/>\n<meta property=\"og:image\" content=\"https:\/\/gradjanskipreokret.rs\/wp-content\/uploads\/2019\/02\/vest6.jpg\" \/>\n\t<meta property=\"og:image:width\" content=\"960\" \/>\n\t<meta property=\"og:image:height\" content=\"640\" \/>\n\t<meta property=\"og:image:type\" content=\"image\/jpeg\" \/>\n<meta name=\"author\" content=\"Gra\u0111anski preokret\" \/>\n<meta name=\"twitter:card\" content=\"summary_large_image\" \/>\n<meta name=\"twitter:creator\" content=\"@gpreokret\" \/>\n<meta name=\"twitter:site\" content=\"@gpreokret\" \/>\n<meta name=\"twitter:label1\" content=\"Written by\" \/>\n\t<meta name=\"twitter:data1\" content=\"Gra\u0111anski preokret\" \/>\n\t<meta name=\"twitter:label2\" content=\"Est. reading time\" \/>\n\t<meta name=\"twitter:data2\" content=\"2 minutes\" \/>\n<script type=\"application\/ld+json\" class=\"yoast-schema-graph\">{\"@context\":\"https:\/\/schema.org\",\"@graph\":[{\"@type\":\"Article\",\"@id\":\"https:\/\/gradjanskipreokret.rs\/index.php\/2020\/03\/08\/hocemo-li-toplani-jednom-reci-dosta\/#article\",\"isPartOf\":{\"@id\":\"https:\/\/gradjanskipreokret.rs\/index.php\/2020\/03\/08\/hocemo-li-toplani-jednom-reci-dosta\/\"},\"author\":{\"name\":\"Gra\u0111anski preokret\",\"@id\":\"https:\/\/gradjanskipreokret.rs\/#\/schema\/person\/0afc6a01a39afb1c9e2df1a5c7d7800d\"},\"headline\":\"Ho\u0107emo li toplani jednom re\u0107i: DOSTA!?\",\"datePublished\":\"2020-03-08T14:52:54+00:00\",\"dateModified\":\"2020-03-08T14:52:56+00:00\",\"mainEntityOfPage\":{\"@id\":\"https:\/\/gradjanskipreokret.rs\/index.php\/2020\/03\/08\/hocemo-li-toplani-jednom-reci-dosta\/\"},\"wordCount\":462,\"publisher\":{\"@id\":\"https:\/\/gradjanskipreokret.rs\/#organization\"},\"image\":{\"@id\":\"https:\/\/gradjanskipreokret.rs\/index.php\/2020\/03\/08\/hocemo-li-toplani-jednom-reci-dosta\/#primaryimage\"},\"thumbnailUrl\":\"https:\/\/gradjanskipreokret.rs\/wp-content\/uploads\/2019\/02\/vest6.jpg\",\"articleSection\":[\"Arhiva\",\"Mi\u0161ljenja\"],\"inLanguage\":\"en-US\"},{\"@type\":\"WebPage\",\"@id\":\"https:\/\/gradjanskipreokret.rs\/index.php\/2020\/03\/08\/hocemo-li-toplani-jednom-reci-dosta\/\",\"url\":\"https:\/\/gradjanskipreokret.rs\/index.php\/2020\/03\/08\/hocemo-li-toplani-jednom-reci-dosta\/\",\"name\":\"Ho\u0107emo li toplani jednom re\u0107i: DOSTA!? - Gra\u0111anski preokret\",\"isPartOf\":{\"@id\":\"https:\/\/gradjanskipreokret.rs\/#website\"},\"primaryImageOfPage\":{\"@id\":\"https:\/\/gradjanskipreokret.rs\/index.php\/2020\/03\/08\/hocemo-li-toplani-jednom-reci-dosta\/#primaryimage\"},\"image\":{\"@id\":\"https:\/\/gradjanskipreokret.rs\/index.php\/2020\/03\/08\/hocemo-li-toplani-jednom-reci-dosta\/#primaryimage\"},\"thumbnailUrl\":\"https:\/\/gradjanskipreokret.rs\/wp-content\/uploads\/2019\/02\/vest6.jpg\",\"datePublished\":\"2020-03-08T14:52:54+00:00\",\"dateModified\":\"2020-03-08T14:52:56+00:00\",\"breadcrumb\":{\"@id\":\"https:\/\/gradjanskipreokret.rs\/index.php\/2020\/03\/08\/hocemo-li-toplani-jednom-reci-dosta\/#breadcrumb\"},\"inLanguage\":\"en-US\",\"potentialAction\":[{\"@type\":\"ReadAction\",\"target\":[\"https:\/\/gradjanskipreokret.rs\/index.php\/2020\/03\/08\/hocemo-li-toplani-jednom-reci-dosta\/\"]}]},{\"@type\":\"ImageObject\",\"inLanguage\":\"en-US\",\"@id\":\"https:\/\/gradjanskipreokret.rs\/index.php\/2020\/03\/08\/hocemo-li-toplani-jednom-reci-dosta\/#primaryimage\",\"url\":\"https:\/\/gradjanskipreokret.rs\/wp-content\/uploads\/2019\/02\/vest6.jpg\",\"contentUrl\":\"https:\/\/gradjanskipreokret.rs\/wp-content\/uploads\/2019\/02\/vest6.jpg\",\"width\":960,\"height\":640},{\"@type\":\"BreadcrumbList\",\"@id\":\"https:\/\/gradjanskipreokret.rs\/index.php\/2020\/03\/08\/hocemo-li-toplani-jednom-reci-dosta\/#breadcrumb\",\"itemListElement\":[{\"@type\":\"ListItem\",\"position\":1,\"name\":\"Home\",\"item\":\"https:\/\/gradjanskipreokret.rs\/\"},{\"@type\":\"ListItem\",\"position\":2,\"name\":\"Ho\u0107emo li toplani jednom re\u0107i: DOSTA!?\"}]},{\"@type\":\"WebSite\",\"@id\":\"https:\/\/gradjanskipreokret.rs\/#website\",\"url\":\"https:\/\/gradjanskipreokret.rs\/\",\"name\":\"Gra\u0111anski preokret\",\"description\":\"Gradjanski preokret\",\"publisher\":{\"@id\":\"https:\/\/gradjanskipreokret.rs\/#organization\"},\"potentialAction\":[{\"@type\":\"SearchAction\",\"target\":{\"@type\":\"EntryPoint\",\"urlTemplate\":\"https:\/\/gradjanskipreokret.rs\/?s={search_term_string}\"},\"query-input\":{\"@type\":\"PropertyValueSpecification\",\"valueRequired\":true,\"valueName\":\"search_term_string\"}}],\"inLanguage\":\"en-US\"},{\"@type\":\"Organization\",\"@id\":\"https:\/\/gradjanskipreokret.rs\/#organization\",\"name\":\"Udru\u017eenje Gra\u0111anski preokret\",\"url\":\"https:\/\/gradjanskipreokret.rs\/\",\"logo\":{\"@type\":\"ImageObject\",\"inLanguage\":\"en-US\",\"@id\":\"https:\/\/gradjanskipreokret.rs\/#\/schema\/logo\/image\/\",\"url\":\"https:\/\/gradjanskipreokret.rs\/wp-content\/uploads\/2019\/03\/FB.png\",\"contentUrl\":\"https:\/\/gradjanskipreokret.rs\/wp-content\/uploads\/2019\/03\/FB.png\",\"width\":773,\"height\":461,\"caption\":\"Udru\u017eenje Gra\u0111anski preokret\"},\"image\":{\"@id\":\"https:\/\/gradjanskipreokret.rs\/#\/schema\/logo\/image\/\"},\"sameAs\":[\"https:\/\/www.facebook.com\/gradjanskipreokret\/\",\"https:\/\/x.com\/gpreokret\",\"https:\/\/www.youtube.com\/channel\/UCyEiTcJBTWEFn48AmyxAhsA\"]},{\"@type\":\"Person\",\"@id\":\"https:\/\/gradjanskipreokret.rs\/#\/schema\/person\/0afc6a01a39afb1c9e2df1a5c7d7800d\",\"name\":\"Gra\u0111anski preokret\",\"image\":{\"@type\":\"ImageObject\",\"inLanguage\":\"en-US\",\"@id\":\"https:\/\/gradjanskipreokret.rs\/#\/schema\/person\/image\/\",\"url\":\"https:\/\/secure.gravatar.com\/avatar\/4f775d6a27bef0662bf264239622d14941545c33046ddf7342be24dba39f1270?s=96&d=mm&r=g\",\"contentUrl\":\"https:\/\/secure.gravatar.com\/avatar\/4f775d6a27bef0662bf264239622d14941545c33046ddf7342be24dba39f1270?s=96&d=mm&r=g\",\"caption\":\"Gra\u0111anski preokret\"},\"sameAs\":[\"http:\/\/www.gradjanskipreokret.rs\"],\"url\":\"https:\/\/gradjanskipreokret.rs\/index.php\/author\/gradjan1\/\"}]}<\/script>\n<!-- \/ Yoast SEO plugin. -->","yoast_head_json":{"title":"Ho\u0107emo li toplani jednom re\u0107i: DOSTA!? - Gra\u0111anski preokret","robots":{"index":"index","follow":"follow","max-snippet":"max-snippet:-1","max-image-preview":"max-image-preview:large","max-video-preview":"max-video-preview:-1"},"canonical":"https:\/\/gradjanskipreokret.rs\/index.php\/2020\/03\/08\/hocemo-li-toplani-jednom-reci-dosta\/","og_locale":"en_US","og_type":"article","og_title":"Ho\u0107emo li toplani jednom re\u0107i: DOSTA!? - Gra\u0111anski preokret","og_description":"Autorski tekst: Du\u0161an Kokot JKP Gradska toplana Zrenjanin je firma u vlasni\u0161tvu svih gra\u0111ana Zrenjanina, firma \u010dije tro\u0161kove rada i","og_url":"https:\/\/gradjanskipreokret.rs\/index.php\/2020\/03\/08\/hocemo-li-toplani-jednom-reci-dosta\/","og_site_name":"Gra\u0111anski preokret","article_publisher":"https:\/\/www.facebook.com\/gradjanskipreokret\/","article_published_time":"2020-03-08T14:52:54+00:00","article_modified_time":"2020-03-08T14:52:56+00:00","og_image":[{"width":960,"height":640,"url":"https:\/\/gradjanskipreokret.rs\/wp-content\/uploads\/2019\/02\/vest6.jpg","type":"image\/jpeg"}],"author":"Gra\u0111anski preokret","twitter_card":"summary_large_image","twitter_creator":"@gpreokret","twitter_site":"@gpreokret","twitter_misc":{"Written by":"Gra\u0111anski preokret","Est. reading time":"2 minutes"},"schema":{"@context":"https:\/\/schema.org","@graph":[{"@type":"Article","@id":"https:\/\/gradjanskipreokret.rs\/index.php\/2020\/03\/08\/hocemo-li-toplani-jednom-reci-dosta\/#article","isPartOf":{"@id":"https:\/\/gradjanskipreokret.rs\/index.php\/2020\/03\/08\/hocemo-li-toplani-jednom-reci-dosta\/"},"author":{"name":"Gra\u0111anski preokret","@id":"https:\/\/gradjanskipreokret.rs\/#\/schema\/person\/0afc6a01a39afb1c9e2df1a5c7d7800d"},"headline":"Ho\u0107emo li toplani jednom re\u0107i: DOSTA!?","datePublished":"2020-03-08T14:52:54+00:00","dateModified":"2020-03-08T14:52:56+00:00","mainEntityOfPage":{"@id":"https:\/\/gradjanskipreokret.rs\/index.php\/2020\/03\/08\/hocemo-li-toplani-jednom-reci-dosta\/"},"wordCount":462,"publisher":{"@id":"https:\/\/gradjanskipreokret.rs\/#organization"},"image":{"@id":"https:\/\/gradjanskipreokret.rs\/index.php\/2020\/03\/08\/hocemo-li-toplani-jednom-reci-dosta\/#primaryimage"},"thumbnailUrl":"https:\/\/gradjanskipreokret.rs\/wp-content\/uploads\/2019\/02\/vest6.jpg","articleSection":["Arhiva","Mi\u0161ljenja"],"inLanguage":"en-US"},{"@type":"WebPage","@id":"https:\/\/gradjanskipreokret.rs\/index.php\/2020\/03\/08\/hocemo-li-toplani-jednom-reci-dosta\/","url":"https:\/\/gradjanskipreokret.rs\/index.php\/2020\/03\/08\/hocemo-li-toplani-jednom-reci-dosta\/","name":"Ho\u0107emo li toplani jednom re\u0107i: DOSTA!? - Gra\u0111anski preokret","isPartOf":{"@id":"https:\/\/gradjanskipreokret.rs\/#website"},"primaryImageOfPage":{"@id":"https:\/\/gradjanskipreokret.rs\/index.php\/2020\/03\/08\/hocemo-li-toplani-jednom-reci-dosta\/#primaryimage"},"image":{"@id":"https:\/\/gradjanskipreokret.rs\/index.php\/2020\/03\/08\/hocemo-li-toplani-jednom-reci-dosta\/#primaryimage"},"thumbnailUrl":"https:\/\/gradjanskipreokret.rs\/wp-content\/uploads\/2019\/02\/vest6.jpg","datePublished":"2020-03-08T14:52:54+00:00","dateModified":"2020-03-08T14:52:56+00:00","breadcrumb":{"@id":"https:\/\/gradjanskipreokret.rs\/index.php\/2020\/03\/08\/hocemo-li-toplani-jednom-reci-dosta\/#breadcrumb"},"inLanguage":"en-US","potentialAction":[{"@type":"ReadAction","target":["https:\/\/gradjanskipreokret.rs\/index.php\/2020\/03\/08\/hocemo-li-toplani-jednom-reci-dosta\/"]}]},{"@type":"ImageObject","inLanguage":"en-US","@id":"https:\/\/gradjanskipreokret.rs\/index.php\/2020\/03\/08\/hocemo-li-toplani-jednom-reci-dosta\/#primaryimage","url":"https:\/\/gradjanskipreokret.rs\/wp-content\/uploads\/2019\/02\/vest6.jpg","contentUrl":"https:\/\/gradjanskipreokret.rs\/wp-content\/uploads\/2019\/02\/vest6.jpg","width":960,"height":640},{"@type":"BreadcrumbList","@id":"https:\/\/gradjanskipreokret.rs\/index.php\/2020\/03\/08\/hocemo-li-toplani-jednom-reci-dosta\/#breadcrumb","itemListElement":[{"@type":"ListItem","position":1,"name":"Home","item":"https:\/\/gradjanskipreokret.rs\/"},{"@type":"ListItem","position":2,"name":"Ho\u0107emo li toplani jednom re\u0107i: DOSTA!?"}]},{"@type":"WebSite","@id":"https:\/\/gradjanskipreokret.rs\/#website","url":"https:\/\/gradjanskipreokret.rs\/","name":"Gra\u0111anski preokret","description":"Gradjanski preokret","publisher":{"@id":"https:\/\/gradjanskipreokret.rs\/#organization"},"potentialAction":[{"@type":"SearchAction","target":{"@type":"EntryPoint","urlTemplate":"https:\/\/gradjanskipreokret.rs\/?s={search_term_string}"},"query-input":{"@type":"PropertyValueSpecification","valueRequired":true,"valueName":"search_term_string"}}],"inLanguage":"en-US"},{"@type":"Organization","@id":"https:\/\/gradjanskipreokret.rs\/#organization","name":"Udru\u017eenje Gra\u0111anski preokret","url":"https:\/\/gradjanskipreokret.rs\/","logo":{"@type":"ImageObject","inLanguage":"en-US","@id":"https:\/\/gradjanskipreokret.rs\/#\/schema\/logo\/image\/","url":"https:\/\/gradjanskipreokret.rs\/wp-content\/uploads\/2019\/03\/FB.png","contentUrl":"https:\/\/gradjanskipreokret.rs\/wp-content\/uploads\/2019\/03\/FB.png","width":773,"height":461,"caption":"Udru\u017eenje Gra\u0111anski preokret"},"image":{"@id":"https:\/\/gradjanskipreokret.rs\/#\/schema\/logo\/image\/"},"sameAs":["https:\/\/www.facebook.com\/gradjanskipreokret\/","https:\/\/x.com\/gpreokret","https:\/\/www.youtube.com\/channel\/UCyEiTcJBTWEFn48AmyxAhsA"]},{"@type":"Person","@id":"https:\/\/gradjanskipreokret.rs\/#\/schema\/person\/0afc6a01a39afb1c9e2df1a5c7d7800d","name":"Gra\u0111anski preokret","image":{"@type":"ImageObject","inLanguage":"en-US","@id":"https:\/\/gradjanskipreokret.rs\/#\/schema\/person\/image\/","url":"https:\/\/secure.gravatar.com\/avatar\/4f775d6a27bef0662bf264239622d14941545c33046ddf7342be24dba39f1270?s=96&d=mm&r=g","contentUrl":"https:\/\/secure.gravatar.com\/avatar\/4f775d6a27bef0662bf264239622d14941545c33046ddf7342be24dba39f1270?s=96&d=mm&r=g","caption":"Gra\u0111anski preokret"},"sameAs":["http:\/\/www.gradjanskipreokret.rs"],"url":"https:\/\/gradjanskipreokret.rs\/index.php\/author\/gradjan1\/"}]}},"_links":{"self":[{"href":"https:\/\/gradjanskipreokret.rs\/index.php\/wp-json\/wp\/v2\/posts\/920","targetHints":{"allow":["GET"]}}],"collection":[{"href":"https:\/\/gradjanskipreokret.rs\/index.php\/wp-json\/wp\/v2\/posts"}],"about":[{"href":"https:\/\/gradjanskipreokret.rs\/index.php\/wp-json\/wp\/v2\/types\/post"}],"author":[{"embeddable":true,"href":"https:\/\/gradjanskipreokret.rs\/index.php\/wp-json\/wp\/v2\/users\/1"}],"replies":[{"embeddable":true,"href":"https:\/\/gradjanskipreokret.rs\/index.php\/wp-json\/wp\/v2\/comments?post=920"}],"version-history":[{"count":2,"href":"https:\/\/gradjanskipreokret.rs\/index.php\/wp-json\/wp\/v2\/posts\/920\/revisions"}],"predecessor-version":[{"id":925,"href":"https:\/\/gradjanskipreokret.rs\/index.php\/wp-json\/wp\/v2\/posts\/920\/revisions\/925"}],"wp:featuredmedia":[{"embeddable":true,"href":"https:\/\/gradjanskipreokret.rs\/index.php\/wp-json\/wp\/v2\/media\/120"}],"wp:attachment":[{"href":"https:\/\/gradjanskipreokret.rs\/index.php\/wp-json\/wp\/v2\/media?parent=920"}],"wp:term":[{"taxonomy":"category","embeddable":true,"href":"https:\/\/gradjanskipreokret.rs\/index.php\/wp-json\/wp\/v2\/categories?post=920"},{"taxonomy":"post_tag","embeddable":true,"href":"https:\/\/gradjanskipreokret.rs\/index.php\/wp-json\/wp\/v2\/tags?post=920"}],"curies":[{"name":"wp","href":"https:\/\/api.w.org\/{rel}","templated":true}]}}