{"id":691,"date":"2019-07-19T20:46:59","date_gmt":"2019-07-19T20:46:59","guid":{"rendered":"https:\/\/gradjanskipreokret.rs\/?p=691"},"modified":"2021-06-19T13:38:02","modified_gmt":"2021-06-19T11:38:02","slug":"povecava-se-broj-zdravstveno-ugrozenih-u-lukicevu","status":"publish","type":"post","link":"https:\/\/gradjanskipreokret.rs\/index.php\/2019\/07\/19\/povecava-se-broj-zdravstveno-ugrozenih-u-lukicevu\/","title":{"rendered":"Pove\u0107ava se broj zdravstveno ugro\u017eenih u Luki\u0107evu"},"content":{"rendered":"\n<p>&#8220;Po mojoj evidenciji \u010detvoro dece iz Luki\u0107eva i jedno\ndete koje \u010de\u0161\u0107e dolazi u goste u Luki\u0107evo imaju astmu koja je u pogor\u0161anju zbog\nizlaganja isparenjima destilerije Vinex. Dva su razloga. Poznato je da pogor\u0161anje\nastme mo\u017ee izazvati bilo kakva manipulacija sa kukuruzom. Pouzdano znamo da\nVinex koristi i semenski kukuruz za ishranu krava sa pesticidima kojima nije\npro\u0161la karenca. Verovatno taj kukuruz koristi i za destilaciju. Drugo, za\nlo\u017eenje u toku destilacije koriste se i plasti\u010dne d\u017eambo vre\u0107e! Hroni\u010dni plu\u0107ni\nbolesnici su najugro\u017eeniji i \u010desto se \u017eale na tegobe kad je destilerija u radu,\npogotovo u no\u0107nim satima. Zbog izuzetno neprijatnog mirisa izra\u017eene su i\npsihi\u010dke reakcije. Zbog toga, predlo\u017eio sam roditeljima i pacijentima da tu\u017eimo\nVinex i tra\u017eimo od\u0161tetu.&#8221; &#8211; ka\u017ee dr Tomislav Stevanovi\u0107, poznati\nzrenjaninski pedijatar.<\/p>\n\n\n\n<p>Zbog takve situacije, me\u0161tani Luki\u0107eva \u0107e se okupiti u nedelju 21. jula 2019. godine u 16 \u010dasova na zboru u svom Domu kulture, razgovarati o problemima zaga\u0111enja u selu, a zatim i po\u010deti s protestima ispred destilerije Vinex.<\/p>\n\n\n\n<div class=\"wp-block-image\"><figure class=\"aligncenter\"><img loading=\"lazy\" decoding=\"async\" width=\"568\" height=\"621\" src=\"https:\/\/gradjanskipreokret.rs\/wp-content\/uploads\/2019\/07\/Lukicevo.jpg\" alt=\"\" class=\"wp-image-692\" srcset=\"https:\/\/gradjanskipreokret.rs\/wp-content\/uploads\/2019\/07\/Lukicevo.jpg 568w, https:\/\/gradjanskipreokret.rs\/wp-content\/uploads\/2019\/07\/Lukicevo-274x300.jpg 274w\" sizes=\"auto, (max-width: 568px) 100vw, 568px\" \/><\/figure><\/div>\n\n\n\n<p>Gra\u0111anski preokret podr\u017eava stanovnike Luki\u0107eva u borbi za\nzdravu \u017eivotnu sredinu.<\/p>\n","protected":false},"excerpt":{"rendered":"<p>&#8220;Po mojoj evidenciji \u010detvoro dece iz Luki\u0107eva i jedno dete koje \u010de\u0161\u0107e dolazi u goste u Luki\u0107evo imaju astmu koja<\/p>\n","protected":false},"author":1,"featured_media":693,"comment_status":"closed","ping_status":"open","sticky":false,"template":"","format":"standard","meta":{"footnotes":""},"categories":[14,10,9],"tags":[],"class_list":["post-691","post","type-post","status-publish","format-standard","has-post-thumbnail","hentry","category-arhiva","category-vesti","category-zrenjanin"],"yoast_head":"<!-- This site is optimized with the Yoast SEO plugin v26.3 - https:\/\/yoast.com\/wordpress\/plugins\/seo\/ -->\n<title>Pove\u0107ava se broj zdravstveno ugro\u017eenih u Luki\u0107evu - Gra\u0111anski preokret<\/title>\n<meta name=\"robots\" content=\"index, follow, max-snippet:-1, max-image-preview:large, max-video-preview:-1\" \/>\n<link rel=\"canonical\" href=\"https:\/\/gradjanskipreokret.rs\/index.php\/2019\/07\/19\/povecava-se-broj-zdravstveno-ugrozenih-u-lukicevu\/\" \/>\n<meta property=\"og:locale\" content=\"en_US\" \/>\n<meta property=\"og:type\" content=\"article\" \/>\n<meta property=\"og:title\" content=\"Pove\u0107ava se broj zdravstveno ugro\u017eenih u Luki\u0107evu - Gra\u0111anski preokret\" \/>\n<meta property=\"og:description\" content=\"&#8220;Po mojoj evidenciji \u010detvoro dece iz Luki\u0107eva i jedno dete koje \u010de\u0161\u0107e dolazi u goste u Luki\u0107evo imaju astmu koja\" \/>\n<meta property=\"og:url\" content=\"https:\/\/gradjanskipreokret.rs\/index.php\/2019\/07\/19\/povecava-se-broj-zdravstveno-ugrozenih-u-lukicevu\/\" \/>\n<meta property=\"og:site_name\" content=\"Gra\u0111anski preokret\" \/>\n<meta property=\"article:publisher\" content=\"https:\/\/www.facebook.com\/gradjanskipreokret\/\" \/>\n<meta property=\"article:published_time\" content=\"2019-07-19T20:46:59+00:00\" \/>\n<meta property=\"article:modified_time\" content=\"2021-06-19T11:38:02+00:00\" \/>\n<meta property=\"og:image\" content=\"https:\/\/gradjanskipreokret.rs\/wp-content\/uploads\/2019\/07\/DrTomislavStevanovicPedijatar.jpg\" \/>\n\t<meta property=\"og:image:width\" content=\"800\" \/>\n\t<meta property=\"og:image:height\" content=\"533\" \/>\n\t<meta property=\"og:image:type\" content=\"image\/jpeg\" \/>\n<meta name=\"author\" content=\"Gra\u0111anski preokret\" \/>\n<meta name=\"twitter:card\" content=\"summary_large_image\" \/>\n<meta name=\"twitter:creator\" content=\"@gpreokret\" \/>\n<meta name=\"twitter:site\" content=\"@gpreokret\" \/>\n<meta name=\"twitter:label1\" content=\"Written by\" \/>\n\t<meta name=\"twitter:data1\" content=\"Gra\u0111anski preokret\" \/>\n\t<meta name=\"twitter:label2\" content=\"Est. reading time\" \/>\n\t<meta name=\"twitter:data2\" content=\"1 minute\" \/>\n<script type=\"application\/ld+json\" class=\"yoast-schema-graph\">{\"@context\":\"https:\/\/schema.org\",\"@graph\":[{\"@type\":\"Article\",\"@id\":\"https:\/\/gradjanskipreokret.rs\/index.php\/2019\/07\/19\/povecava-se-broj-zdravstveno-ugrozenih-u-lukicevu\/#article\",\"isPartOf\":{\"@id\":\"https:\/\/gradjanskipreokret.rs\/index.php\/2019\/07\/19\/povecava-se-broj-zdravstveno-ugrozenih-u-lukicevu\/\"},\"author\":{\"name\":\"Gra\u0111anski preokret\",\"@id\":\"https:\/\/gradjanskipreokret.rs\/#\/schema\/person\/0afc6a01a39afb1c9e2df1a5c7d7800d\"},\"headline\":\"Pove\u0107ava se broj zdravstveno ugro\u017eenih u Luki\u0107evu\",\"datePublished\":\"2019-07-19T20:46:59+00:00\",\"dateModified\":\"2021-06-19T11:38:02+00:00\",\"mainEntityOfPage\":{\"@id\":\"https:\/\/gradjanskipreokret.rs\/index.php\/2019\/07\/19\/povecava-se-broj-zdravstveno-ugrozenih-u-lukicevu\/\"},\"wordCount\":214,\"publisher\":{\"@id\":\"https:\/\/gradjanskipreokret.rs\/#organization\"},\"image\":{\"@id\":\"https:\/\/gradjanskipreokret.rs\/index.php\/2019\/07\/19\/povecava-se-broj-zdravstveno-ugrozenih-u-lukicevu\/#primaryimage\"},\"thumbnailUrl\":\"https:\/\/gradjanskipreokret.rs\/wp-content\/uploads\/2019\/07\/DrTomislavStevanovicPedijatar.jpg\",\"articleSection\":[\"Arhiva\",\"Vesti\",\"Zrenjanin\"],\"inLanguage\":\"en-US\"},{\"@type\":\"WebPage\",\"@id\":\"https:\/\/gradjanskipreokret.rs\/index.php\/2019\/07\/19\/povecava-se-broj-zdravstveno-ugrozenih-u-lukicevu\/\",\"url\":\"https:\/\/gradjanskipreokret.rs\/index.php\/2019\/07\/19\/povecava-se-broj-zdravstveno-ugrozenih-u-lukicevu\/\",\"name\":\"Pove\u0107ava se broj zdravstveno ugro\u017eenih u Luki\u0107evu - Gra\u0111anski preokret\",\"isPartOf\":{\"@id\":\"https:\/\/gradjanskipreokret.rs\/#website\"},\"primaryImageOfPage\":{\"@id\":\"https:\/\/gradjanskipreokret.rs\/index.php\/2019\/07\/19\/povecava-se-broj-zdravstveno-ugrozenih-u-lukicevu\/#primaryimage\"},\"image\":{\"@id\":\"https:\/\/gradjanskipreokret.rs\/index.php\/2019\/07\/19\/povecava-se-broj-zdravstveno-ugrozenih-u-lukicevu\/#primaryimage\"},\"thumbnailUrl\":\"https:\/\/gradjanskipreokret.rs\/wp-content\/uploads\/2019\/07\/DrTomislavStevanovicPedijatar.jpg\",\"datePublished\":\"2019-07-19T20:46:59+00:00\",\"dateModified\":\"2021-06-19T11:38:02+00:00\",\"breadcrumb\":{\"@id\":\"https:\/\/gradjanskipreokret.rs\/index.php\/2019\/07\/19\/povecava-se-broj-zdravstveno-ugrozenih-u-lukicevu\/#breadcrumb\"},\"inLanguage\":\"en-US\",\"potentialAction\":[{\"@type\":\"ReadAction\",\"target\":[\"https:\/\/gradjanskipreokret.rs\/index.php\/2019\/07\/19\/povecava-se-broj-zdravstveno-ugrozenih-u-lukicevu\/\"]}]},{\"@type\":\"ImageObject\",\"inLanguage\":\"en-US\",\"@id\":\"https:\/\/gradjanskipreokret.rs\/index.php\/2019\/07\/19\/povecava-se-broj-zdravstveno-ugrozenih-u-lukicevu\/#primaryimage\",\"url\":\"https:\/\/gradjanskipreokret.rs\/wp-content\/uploads\/2019\/07\/DrTomislavStevanovicPedijatar.jpg\",\"contentUrl\":\"https:\/\/gradjanskipreokret.rs\/wp-content\/uploads\/2019\/07\/DrTomislavStevanovicPedijatar.jpg\",\"width\":800,\"height\":533},{\"@type\":\"BreadcrumbList\",\"@id\":\"https:\/\/gradjanskipreokret.rs\/index.php\/2019\/07\/19\/povecava-se-broj-zdravstveno-ugrozenih-u-lukicevu\/#breadcrumb\",\"itemListElement\":[{\"@type\":\"ListItem\",\"position\":1,\"name\":\"Home\",\"item\":\"https:\/\/gradjanskipreokret.rs\/\"},{\"@type\":\"ListItem\",\"position\":2,\"name\":\"Pove\u0107ava se broj zdravstveno ugro\u017eenih u Luki\u0107evu\"}]},{\"@type\":\"WebSite\",\"@id\":\"https:\/\/gradjanskipreokret.rs\/#website\",\"url\":\"https:\/\/gradjanskipreokret.rs\/\",\"name\":\"Gra\u0111anski preokret\",\"description\":\"Gradjanski preokret\",\"publisher\":{\"@id\":\"https:\/\/gradjanskipreokret.rs\/#organization\"},\"potentialAction\":[{\"@type\":\"SearchAction\",\"target\":{\"@type\":\"EntryPoint\",\"urlTemplate\":\"https:\/\/gradjanskipreokret.rs\/?s={search_term_string}\"},\"query-input\":{\"@type\":\"PropertyValueSpecification\",\"valueRequired\":true,\"valueName\":\"search_term_string\"}}],\"inLanguage\":\"en-US\"},{\"@type\":\"Organization\",\"@id\":\"https:\/\/gradjanskipreokret.rs\/#organization\",\"name\":\"Udru\u017eenje Gra\u0111anski preokret\",\"url\":\"https:\/\/gradjanskipreokret.rs\/\",\"logo\":{\"@type\":\"ImageObject\",\"inLanguage\":\"en-US\",\"@id\":\"https:\/\/gradjanskipreokret.rs\/#\/schema\/logo\/image\/\",\"url\":\"https:\/\/gradjanskipreokret.rs\/wp-content\/uploads\/2019\/03\/FB.png\",\"contentUrl\":\"https:\/\/gradjanskipreokret.rs\/wp-content\/uploads\/2019\/03\/FB.png\",\"width\":773,\"height\":461,\"caption\":\"Udru\u017eenje Gra\u0111anski preokret\"},\"image\":{\"@id\":\"https:\/\/gradjanskipreokret.rs\/#\/schema\/logo\/image\/\"},\"sameAs\":[\"https:\/\/www.facebook.com\/gradjanskipreokret\/\",\"https:\/\/x.com\/gpreokret\",\"https:\/\/www.youtube.com\/channel\/UCyEiTcJBTWEFn48AmyxAhsA\"]},{\"@type\":\"Person\",\"@id\":\"https:\/\/gradjanskipreokret.rs\/#\/schema\/person\/0afc6a01a39afb1c9e2df1a5c7d7800d\",\"name\":\"Gra\u0111anski preokret\",\"image\":{\"@type\":\"ImageObject\",\"inLanguage\":\"en-US\",\"@id\":\"https:\/\/gradjanskipreokret.rs\/#\/schema\/person\/image\/\",\"url\":\"https:\/\/secure.gravatar.com\/avatar\/4f775d6a27bef0662bf264239622d14941545c33046ddf7342be24dba39f1270?s=96&d=mm&r=g\",\"contentUrl\":\"https:\/\/secure.gravatar.com\/avatar\/4f775d6a27bef0662bf264239622d14941545c33046ddf7342be24dba39f1270?s=96&d=mm&r=g\",\"caption\":\"Gra\u0111anski preokret\"},\"sameAs\":[\"http:\/\/www.gradjanskipreokret.rs\"],\"url\":\"https:\/\/gradjanskipreokret.rs\/index.php\/author\/gradjan1\/\"}]}<\/script>\n<!-- \/ Yoast SEO plugin. -->","yoast_head_json":{"title":"Pove\u0107ava se broj zdravstveno ugro\u017eenih u Luki\u0107evu - Gra\u0111anski preokret","robots":{"index":"index","follow":"follow","max-snippet":"max-snippet:-1","max-image-preview":"max-image-preview:large","max-video-preview":"max-video-preview:-1"},"canonical":"https:\/\/gradjanskipreokret.rs\/index.php\/2019\/07\/19\/povecava-se-broj-zdravstveno-ugrozenih-u-lukicevu\/","og_locale":"en_US","og_type":"article","og_title":"Pove\u0107ava se broj zdravstveno ugro\u017eenih u Luki\u0107evu - Gra\u0111anski preokret","og_description":"&#8220;Po mojoj evidenciji \u010detvoro dece iz Luki\u0107eva i jedno dete koje \u010de\u0161\u0107e dolazi u goste u Luki\u0107evo imaju astmu koja","og_url":"https:\/\/gradjanskipreokret.rs\/index.php\/2019\/07\/19\/povecava-se-broj-zdravstveno-ugrozenih-u-lukicevu\/","og_site_name":"Gra\u0111anski preokret","article_publisher":"https:\/\/www.facebook.com\/gradjanskipreokret\/","article_published_time":"2019-07-19T20:46:59+00:00","article_modified_time":"2021-06-19T11:38:02+00:00","og_image":[{"width":800,"height":533,"url":"https:\/\/gradjanskipreokret.rs\/wp-content\/uploads\/2019\/07\/DrTomislavStevanovicPedijatar.jpg","type":"image\/jpeg"}],"author":"Gra\u0111anski preokret","twitter_card":"summary_large_image","twitter_creator":"@gpreokret","twitter_site":"@gpreokret","twitter_misc":{"Written by":"Gra\u0111anski preokret","Est. reading time":"1 minute"},"schema":{"@context":"https:\/\/schema.org","@graph":[{"@type":"Article","@id":"https:\/\/gradjanskipreokret.rs\/index.php\/2019\/07\/19\/povecava-se-broj-zdravstveno-ugrozenih-u-lukicevu\/#article","isPartOf":{"@id":"https:\/\/gradjanskipreokret.rs\/index.php\/2019\/07\/19\/povecava-se-broj-zdravstveno-ugrozenih-u-lukicevu\/"},"author":{"name":"Gra\u0111anski preokret","@id":"https:\/\/gradjanskipreokret.rs\/#\/schema\/person\/0afc6a01a39afb1c9e2df1a5c7d7800d"},"headline":"Pove\u0107ava se broj zdravstveno ugro\u017eenih u Luki\u0107evu","datePublished":"2019-07-19T20:46:59+00:00","dateModified":"2021-06-19T11:38:02+00:00","mainEntityOfPage":{"@id":"https:\/\/gradjanskipreokret.rs\/index.php\/2019\/07\/19\/povecava-se-broj-zdravstveno-ugrozenih-u-lukicevu\/"},"wordCount":214,"publisher":{"@id":"https:\/\/gradjanskipreokret.rs\/#organization"},"image":{"@id":"https:\/\/gradjanskipreokret.rs\/index.php\/2019\/07\/19\/povecava-se-broj-zdravstveno-ugrozenih-u-lukicevu\/#primaryimage"},"thumbnailUrl":"https:\/\/gradjanskipreokret.rs\/wp-content\/uploads\/2019\/07\/DrTomislavStevanovicPedijatar.jpg","articleSection":["Arhiva","Vesti","Zrenjanin"],"inLanguage":"en-US"},{"@type":"WebPage","@id":"https:\/\/gradjanskipreokret.rs\/index.php\/2019\/07\/19\/povecava-se-broj-zdravstveno-ugrozenih-u-lukicevu\/","url":"https:\/\/gradjanskipreokret.rs\/index.php\/2019\/07\/19\/povecava-se-broj-zdravstveno-ugrozenih-u-lukicevu\/","name":"Pove\u0107ava se broj zdravstveno ugro\u017eenih u Luki\u0107evu - Gra\u0111anski preokret","isPartOf":{"@id":"https:\/\/gradjanskipreokret.rs\/#website"},"primaryImageOfPage":{"@id":"https:\/\/gradjanskipreokret.rs\/index.php\/2019\/07\/19\/povecava-se-broj-zdravstveno-ugrozenih-u-lukicevu\/#primaryimage"},"image":{"@id":"https:\/\/gradjanskipreokret.rs\/index.php\/2019\/07\/19\/povecava-se-broj-zdravstveno-ugrozenih-u-lukicevu\/#primaryimage"},"thumbnailUrl":"https:\/\/gradjanskipreokret.rs\/wp-content\/uploads\/2019\/07\/DrTomislavStevanovicPedijatar.jpg","datePublished":"2019-07-19T20:46:59+00:00","dateModified":"2021-06-19T11:38:02+00:00","breadcrumb":{"@id":"https:\/\/gradjanskipreokret.rs\/index.php\/2019\/07\/19\/povecava-se-broj-zdravstveno-ugrozenih-u-lukicevu\/#breadcrumb"},"inLanguage":"en-US","potentialAction":[{"@type":"ReadAction","target":["https:\/\/gradjanskipreokret.rs\/index.php\/2019\/07\/19\/povecava-se-broj-zdravstveno-ugrozenih-u-lukicevu\/"]}]},{"@type":"ImageObject","inLanguage":"en-US","@id":"https:\/\/gradjanskipreokret.rs\/index.php\/2019\/07\/19\/povecava-se-broj-zdravstveno-ugrozenih-u-lukicevu\/#primaryimage","url":"https:\/\/gradjanskipreokret.rs\/wp-content\/uploads\/2019\/07\/DrTomislavStevanovicPedijatar.jpg","contentUrl":"https:\/\/gradjanskipreokret.rs\/wp-content\/uploads\/2019\/07\/DrTomislavStevanovicPedijatar.jpg","width":800,"height":533},{"@type":"BreadcrumbList","@id":"https:\/\/gradjanskipreokret.rs\/index.php\/2019\/07\/19\/povecava-se-broj-zdravstveno-ugrozenih-u-lukicevu\/#breadcrumb","itemListElement":[{"@type":"ListItem","position":1,"name":"Home","item":"https:\/\/gradjanskipreokret.rs\/"},{"@type":"ListItem","position":2,"name":"Pove\u0107ava se broj zdravstveno ugro\u017eenih u Luki\u0107evu"}]},{"@type":"WebSite","@id":"https:\/\/gradjanskipreokret.rs\/#website","url":"https:\/\/gradjanskipreokret.rs\/","name":"Gra\u0111anski preokret","description":"Gradjanski preokret","publisher":{"@id":"https:\/\/gradjanskipreokret.rs\/#organization"},"potentialAction":[{"@type":"SearchAction","target":{"@type":"EntryPoint","urlTemplate":"https:\/\/gradjanskipreokret.rs\/?s={search_term_string}"},"query-input":{"@type":"PropertyValueSpecification","valueRequired":true,"valueName":"search_term_string"}}],"inLanguage":"en-US"},{"@type":"Organization","@id":"https:\/\/gradjanskipreokret.rs\/#organization","name":"Udru\u017eenje Gra\u0111anski preokret","url":"https:\/\/gradjanskipreokret.rs\/","logo":{"@type":"ImageObject","inLanguage":"en-US","@id":"https:\/\/gradjanskipreokret.rs\/#\/schema\/logo\/image\/","url":"https:\/\/gradjanskipreokret.rs\/wp-content\/uploads\/2019\/03\/FB.png","contentUrl":"https:\/\/gradjanskipreokret.rs\/wp-content\/uploads\/2019\/03\/FB.png","width":773,"height":461,"caption":"Udru\u017eenje Gra\u0111anski preokret"},"image":{"@id":"https:\/\/gradjanskipreokret.rs\/#\/schema\/logo\/image\/"},"sameAs":["https:\/\/www.facebook.com\/gradjanskipreokret\/","https:\/\/x.com\/gpreokret","https:\/\/www.youtube.com\/channel\/UCyEiTcJBTWEFn48AmyxAhsA"]},{"@type":"Person","@id":"https:\/\/gradjanskipreokret.rs\/#\/schema\/person\/0afc6a01a39afb1c9e2df1a5c7d7800d","name":"Gra\u0111anski preokret","image":{"@type":"ImageObject","inLanguage":"en-US","@id":"https:\/\/gradjanskipreokret.rs\/#\/schema\/person\/image\/","url":"https:\/\/secure.gravatar.com\/avatar\/4f775d6a27bef0662bf264239622d14941545c33046ddf7342be24dba39f1270?s=96&d=mm&r=g","contentUrl":"https:\/\/secure.gravatar.com\/avatar\/4f775d6a27bef0662bf264239622d14941545c33046ddf7342be24dba39f1270?s=96&d=mm&r=g","caption":"Gra\u0111anski preokret"},"sameAs":["http:\/\/www.gradjanskipreokret.rs"],"url":"https:\/\/gradjanskipreokret.rs\/index.php\/author\/gradjan1\/"}]}},"_links":{"self":[{"href":"https:\/\/gradjanskipreokret.rs\/index.php\/wp-json\/wp\/v2\/posts\/691","targetHints":{"allow":["GET"]}}],"collection":[{"href":"https:\/\/gradjanskipreokret.rs\/index.php\/wp-json\/wp\/v2\/posts"}],"about":[{"href":"https:\/\/gradjanskipreokret.rs\/index.php\/wp-json\/wp\/v2\/types\/post"}],"author":[{"embeddable":true,"href":"https:\/\/gradjanskipreokret.rs\/index.php\/wp-json\/wp\/v2\/users\/1"}],"replies":[{"embeddable":true,"href":"https:\/\/gradjanskipreokret.rs\/index.php\/wp-json\/wp\/v2\/comments?post=691"}],"version-history":[{"count":2,"href":"https:\/\/gradjanskipreokret.rs\/index.php\/wp-json\/wp\/v2\/posts\/691\/revisions"}],"predecessor-version":[{"id":2066,"href":"https:\/\/gradjanskipreokret.rs\/index.php\/wp-json\/wp\/v2\/posts\/691\/revisions\/2066"}],"wp:featuredmedia":[{"embeddable":true,"href":"https:\/\/gradjanskipreokret.rs\/index.php\/wp-json\/wp\/v2\/media\/693"}],"wp:attachment":[{"href":"https:\/\/gradjanskipreokret.rs\/index.php\/wp-json\/wp\/v2\/media?parent=691"}],"wp:term":[{"taxonomy":"category","embeddable":true,"href":"https:\/\/gradjanskipreokret.rs\/index.php\/wp-json\/wp\/v2\/categories?post=691"},{"taxonomy":"post_tag","embeddable":true,"href":"https:\/\/gradjanskipreokret.rs\/index.php\/wp-json\/wp\/v2\/tags?post=691"}],"curies":[{"name":"wp","href":"https:\/\/api.w.org\/{rel}","templated":true}]}}