{"id":533,"date":"2019-05-11T16:01:28","date_gmt":"2019-05-11T16:01:28","guid":{"rendered":"https:\/\/gradjanskipreokret.rs\/?p=533"},"modified":"2024-06-30T12:02:30","modified_gmt":"2024-06-30T10:02:30","slug":"pokrajinski-sekretarijat-potvrdio-da-linglong-gradi-nezakonito","status":"publish","type":"post","link":"https:\/\/gradjanskipreokret.rs\/index.php\/2019\/05\/11\/pokrajinski-sekretarijat-potvrdio-da-linglong-gradi-nezakonito\/","title":{"rendered":"Pokrajinski sekretarijat potvrdio da Linglong gradi nezakonito"},"content":{"rendered":"\n<p>Pokrajinski\nsekretarijat za energetiku, gra\u0111evinarstvo i saobra\u0107aj je ju\u010de (10.05.2019)\nizdao Potvrdu o prijavi radova investitoru Linglong koji namerava da izgradi\nfabriku automobilskih guma u Zrenjaninu.<\/p>\n\n\n\n<p>Iz potvrde Sekretarijata se vidi da je prijavljeni po\u010detak izvo\u0111enja radova 16. maj 2019. godine, \u0161to potvr\u0111uje da su svi dosada\u0161nji radovi na gradili\u0161tu izvedeni protiv propisa, odnosno pre podnete prijave i pre potvrde nadle\u017enog organa vlasti.<\/p>\n\n\n\n<figure class=\"wp-block-image\"><img loading=\"lazy\" decoding=\"async\" width=\"703\" height=\"571\" src=\"https:\/\/gradjanskipreokret.rs\/wp-content\/uploads\/2019\/05\/Resenje10052019.jpg\" alt=\"\" class=\"wp-image-534\" srcset=\"https:\/\/gradjanskipreokret.rs\/wp-content\/uploads\/2019\/05\/Resenje10052019.jpg 703w, https:\/\/gradjanskipreokret.rs\/wp-content\/uploads\/2019\/05\/Resenje10052019-300x244.jpg 300w\" sizes=\"auto, (max-width: 703px) 100vw, 703px\" \/><\/figure>\n\n\n\n<p> Video snimak dosada\u0161njih radova investitora Linglong:<\/p>\n\n\n\n<figure class=\"wp-block-embed-youtube wp-block-embed is-type-video is-provider-youtube wp-embed-aspect-16-9 wp-has-aspect-ratio\"><div class=\"wp-block-embed__wrapper\">\n<iframe loading=\"lazy\" width=\"810\" height=\"456\" src=\"https:\/\/www.youtube.com\/embed\/zcX1yux9afA?feature=oembed\" frameborder=\"0\" allow=\"accelerometer; autoplay; encrypted-media; gyroscope; picture-in-picture\" allowfullscreen><\/iframe>\n<\/div><\/figure>\n","protected":false},"excerpt":{"rendered":"<p>Pokrajinski sekretarijat za energetiku, gra\u0111evinarstvo i saobra\u0107aj je ju\u010de (10.05.2019) izdao Potvrdu o prijavi radova investitoru Linglong koji namerava da<\/p>\n","protected":false},"author":1,"featured_media":534,"comment_status":"closed","ping_status":"open","sticky":false,"template":"","format":"standard","meta":{"footnotes":""},"categories":[14,15,10,9],"tags":[],"class_list":["post-533","post","type-post","status-publish","format-standard","has-post-thumbnail","hentry","category-arhiva","category-fabrika-guma","category-vesti","category-zrenjanin"],"yoast_head":"<!-- This site is optimized with the Yoast SEO plugin v26.3 - https:\/\/yoast.com\/wordpress\/plugins\/seo\/ -->\n<title>Pokrajinski sekretarijat potvrdio da Linglong gradi nezakonito - Gra\u0111anski preokret<\/title>\n<meta name=\"robots\" content=\"index, follow, max-snippet:-1, max-image-preview:large, max-video-preview:-1\" \/>\n<link rel=\"canonical\" href=\"https:\/\/gradjanskipreokret.rs\/index.php\/2019\/05\/11\/pokrajinski-sekretarijat-potvrdio-da-linglong-gradi-nezakonito\/\" \/>\n<meta property=\"og:locale\" content=\"en_US\" \/>\n<meta property=\"og:type\" content=\"article\" \/>\n<meta property=\"og:title\" content=\"Pokrajinski sekretarijat potvrdio da Linglong gradi nezakonito - Gra\u0111anski preokret\" \/>\n<meta property=\"og:description\" content=\"Pokrajinski sekretarijat za energetiku, gra\u0111evinarstvo i saobra\u0107aj je ju\u010de (10.05.2019) izdao Potvrdu o prijavi radova investitoru Linglong koji namerava da\" \/>\n<meta property=\"og:url\" content=\"https:\/\/gradjanskipreokret.rs\/index.php\/2019\/05\/11\/pokrajinski-sekretarijat-potvrdio-da-linglong-gradi-nezakonito\/\" \/>\n<meta property=\"og:site_name\" content=\"Gra\u0111anski preokret\" \/>\n<meta property=\"article:publisher\" content=\"https:\/\/www.facebook.com\/gradjanskipreokret\/\" \/>\n<meta property=\"article:published_time\" content=\"2019-05-11T16:01:28+00:00\" \/>\n<meta property=\"article:modified_time\" content=\"2024-06-30T10:02:30+00:00\" \/>\n<meta property=\"og:image\" content=\"https:\/\/gradjanskipreokret.rs\/wp-content\/uploads\/2019\/05\/Resenje10052019.jpg\" \/>\n\t<meta property=\"og:image:width\" content=\"703\" \/>\n\t<meta property=\"og:image:height\" content=\"571\" \/>\n\t<meta property=\"og:image:type\" content=\"image\/jpeg\" \/>\n<meta name=\"author\" content=\"Gra\u0111anski preokret\" \/>\n<meta name=\"twitter:card\" content=\"summary_large_image\" \/>\n<meta name=\"twitter:creator\" content=\"@gpreokret\" \/>\n<meta name=\"twitter:site\" content=\"@gpreokret\" \/>\n<meta name=\"twitter:label1\" content=\"Written by\" \/>\n\t<meta name=\"twitter:data1\" content=\"Gra\u0111anski preokret\" \/>\n\t<meta name=\"twitter:label2\" content=\"Est. reading time\" \/>\n\t<meta name=\"twitter:data2\" content=\"1 minute\" \/>\n<script type=\"application\/ld+json\" class=\"yoast-schema-graph\">{\"@context\":\"https:\/\/schema.org\",\"@graph\":[{\"@type\":\"Article\",\"@id\":\"https:\/\/gradjanskipreokret.rs\/index.php\/2019\/05\/11\/pokrajinski-sekretarijat-potvrdio-da-linglong-gradi-nezakonito\/#article\",\"isPartOf\":{\"@id\":\"https:\/\/gradjanskipreokret.rs\/index.php\/2019\/05\/11\/pokrajinski-sekretarijat-potvrdio-da-linglong-gradi-nezakonito\/\"},\"author\":{\"name\":\"Gra\u0111anski preokret\",\"@id\":\"https:\/\/gradjanskipreokret.rs\/#\/schema\/person\/0afc6a01a39afb1c9e2df1a5c7d7800d\"},\"headline\":\"Pokrajinski sekretarijat potvrdio da Linglong gradi nezakonito\",\"datePublished\":\"2019-05-11T16:01:28+00:00\",\"dateModified\":\"2024-06-30T10:02:30+00:00\",\"mainEntityOfPage\":{\"@id\":\"https:\/\/gradjanskipreokret.rs\/index.php\/2019\/05\/11\/pokrajinski-sekretarijat-potvrdio-da-linglong-gradi-nezakonito\/\"},\"wordCount\":92,\"publisher\":{\"@id\":\"https:\/\/gradjanskipreokret.rs\/#organization\"},\"image\":{\"@id\":\"https:\/\/gradjanskipreokret.rs\/index.php\/2019\/05\/11\/pokrajinski-sekretarijat-potvrdio-da-linglong-gradi-nezakonito\/#primaryimage\"},\"thumbnailUrl\":\"https:\/\/gradjanskipreokret.rs\/wp-content\/uploads\/2019\/05\/Resenje10052019.jpg\",\"articleSection\":[\"Arhiva\",\"Fabrika guma\",\"Vesti\",\"Zrenjanin\"],\"inLanguage\":\"en-US\"},{\"@type\":\"WebPage\",\"@id\":\"https:\/\/gradjanskipreokret.rs\/index.php\/2019\/05\/11\/pokrajinski-sekretarijat-potvrdio-da-linglong-gradi-nezakonito\/\",\"url\":\"https:\/\/gradjanskipreokret.rs\/index.php\/2019\/05\/11\/pokrajinski-sekretarijat-potvrdio-da-linglong-gradi-nezakonito\/\",\"name\":\"Pokrajinski sekretarijat potvrdio da Linglong gradi nezakonito - Gra\u0111anski preokret\",\"isPartOf\":{\"@id\":\"https:\/\/gradjanskipreokret.rs\/#website\"},\"primaryImageOfPage\":{\"@id\":\"https:\/\/gradjanskipreokret.rs\/index.php\/2019\/05\/11\/pokrajinski-sekretarijat-potvrdio-da-linglong-gradi-nezakonito\/#primaryimage\"},\"image\":{\"@id\":\"https:\/\/gradjanskipreokret.rs\/index.php\/2019\/05\/11\/pokrajinski-sekretarijat-potvrdio-da-linglong-gradi-nezakonito\/#primaryimage\"},\"thumbnailUrl\":\"https:\/\/gradjanskipreokret.rs\/wp-content\/uploads\/2019\/05\/Resenje10052019.jpg\",\"datePublished\":\"2019-05-11T16:01:28+00:00\",\"dateModified\":\"2024-06-30T10:02:30+00:00\",\"breadcrumb\":{\"@id\":\"https:\/\/gradjanskipreokret.rs\/index.php\/2019\/05\/11\/pokrajinski-sekretarijat-potvrdio-da-linglong-gradi-nezakonito\/#breadcrumb\"},\"inLanguage\":\"en-US\",\"potentialAction\":[{\"@type\":\"ReadAction\",\"target\":[\"https:\/\/gradjanskipreokret.rs\/index.php\/2019\/05\/11\/pokrajinski-sekretarijat-potvrdio-da-linglong-gradi-nezakonito\/\"]}]},{\"@type\":\"ImageObject\",\"inLanguage\":\"en-US\",\"@id\":\"https:\/\/gradjanskipreokret.rs\/index.php\/2019\/05\/11\/pokrajinski-sekretarijat-potvrdio-da-linglong-gradi-nezakonito\/#primaryimage\",\"url\":\"https:\/\/gradjanskipreokret.rs\/wp-content\/uploads\/2019\/05\/Resenje10052019.jpg\",\"contentUrl\":\"https:\/\/gradjanskipreokret.rs\/wp-content\/uploads\/2019\/05\/Resenje10052019.jpg\",\"width\":703,\"height\":571},{\"@type\":\"BreadcrumbList\",\"@id\":\"https:\/\/gradjanskipreokret.rs\/index.php\/2019\/05\/11\/pokrajinski-sekretarijat-potvrdio-da-linglong-gradi-nezakonito\/#breadcrumb\",\"itemListElement\":[{\"@type\":\"ListItem\",\"position\":1,\"name\":\"Home\",\"item\":\"https:\/\/gradjanskipreokret.rs\/\"},{\"@type\":\"ListItem\",\"position\":2,\"name\":\"Pokrajinski sekretarijat potvrdio da Linglong gradi nezakonito\"}]},{\"@type\":\"WebSite\",\"@id\":\"https:\/\/gradjanskipreokret.rs\/#website\",\"url\":\"https:\/\/gradjanskipreokret.rs\/\",\"name\":\"Gra\u0111anski preokret\",\"description\":\"Gradjanski preokret\",\"publisher\":{\"@id\":\"https:\/\/gradjanskipreokret.rs\/#organization\"},\"potentialAction\":[{\"@type\":\"SearchAction\",\"target\":{\"@type\":\"EntryPoint\",\"urlTemplate\":\"https:\/\/gradjanskipreokret.rs\/?s={search_term_string}\"},\"query-input\":{\"@type\":\"PropertyValueSpecification\",\"valueRequired\":true,\"valueName\":\"search_term_string\"}}],\"inLanguage\":\"en-US\"},{\"@type\":\"Organization\",\"@id\":\"https:\/\/gradjanskipreokret.rs\/#organization\",\"name\":\"Udru\u017eenje Gra\u0111anski preokret\",\"url\":\"https:\/\/gradjanskipreokret.rs\/\",\"logo\":{\"@type\":\"ImageObject\",\"inLanguage\":\"en-US\",\"@id\":\"https:\/\/gradjanskipreokret.rs\/#\/schema\/logo\/image\/\",\"url\":\"https:\/\/gradjanskipreokret.rs\/wp-content\/uploads\/2019\/03\/FB.png\",\"contentUrl\":\"https:\/\/gradjanskipreokret.rs\/wp-content\/uploads\/2019\/03\/FB.png\",\"width\":773,\"height\":461,\"caption\":\"Udru\u017eenje Gra\u0111anski preokret\"},\"image\":{\"@id\":\"https:\/\/gradjanskipreokret.rs\/#\/schema\/logo\/image\/\"},\"sameAs\":[\"https:\/\/www.facebook.com\/gradjanskipreokret\/\",\"https:\/\/x.com\/gpreokret\",\"https:\/\/www.youtube.com\/channel\/UCyEiTcJBTWEFn48AmyxAhsA\"]},{\"@type\":\"Person\",\"@id\":\"https:\/\/gradjanskipreokret.rs\/#\/schema\/person\/0afc6a01a39afb1c9e2df1a5c7d7800d\",\"name\":\"Gra\u0111anski preokret\",\"image\":{\"@type\":\"ImageObject\",\"inLanguage\":\"en-US\",\"@id\":\"https:\/\/gradjanskipreokret.rs\/#\/schema\/person\/image\/\",\"url\":\"https:\/\/secure.gravatar.com\/avatar\/4f775d6a27bef0662bf264239622d14941545c33046ddf7342be24dba39f1270?s=96&d=mm&r=g\",\"contentUrl\":\"https:\/\/secure.gravatar.com\/avatar\/4f775d6a27bef0662bf264239622d14941545c33046ddf7342be24dba39f1270?s=96&d=mm&r=g\",\"caption\":\"Gra\u0111anski preokret\"},\"sameAs\":[\"http:\/\/www.gradjanskipreokret.rs\"],\"url\":\"https:\/\/gradjanskipreokret.rs\/index.php\/author\/gradjan1\/\"}]}<\/script>\n<!-- \/ Yoast SEO plugin. -->","yoast_head_json":{"title":"Pokrajinski sekretarijat potvrdio da Linglong gradi nezakonito - Gra\u0111anski preokret","robots":{"index":"index","follow":"follow","max-snippet":"max-snippet:-1","max-image-preview":"max-image-preview:large","max-video-preview":"max-video-preview:-1"},"canonical":"https:\/\/gradjanskipreokret.rs\/index.php\/2019\/05\/11\/pokrajinski-sekretarijat-potvrdio-da-linglong-gradi-nezakonito\/","og_locale":"en_US","og_type":"article","og_title":"Pokrajinski sekretarijat potvrdio da Linglong gradi nezakonito - Gra\u0111anski preokret","og_description":"Pokrajinski sekretarijat za energetiku, gra\u0111evinarstvo i saobra\u0107aj je ju\u010de (10.05.2019) izdao Potvrdu o prijavi radova investitoru Linglong koji namerava da","og_url":"https:\/\/gradjanskipreokret.rs\/index.php\/2019\/05\/11\/pokrajinski-sekretarijat-potvrdio-da-linglong-gradi-nezakonito\/","og_site_name":"Gra\u0111anski preokret","article_publisher":"https:\/\/www.facebook.com\/gradjanskipreokret\/","article_published_time":"2019-05-11T16:01:28+00:00","article_modified_time":"2024-06-30T10:02:30+00:00","og_image":[{"width":703,"height":571,"url":"https:\/\/gradjanskipreokret.rs\/wp-content\/uploads\/2019\/05\/Resenje10052019.jpg","type":"image\/jpeg"}],"author":"Gra\u0111anski preokret","twitter_card":"summary_large_image","twitter_creator":"@gpreokret","twitter_site":"@gpreokret","twitter_misc":{"Written by":"Gra\u0111anski preokret","Est. reading time":"1 minute"},"schema":{"@context":"https:\/\/schema.org","@graph":[{"@type":"Article","@id":"https:\/\/gradjanskipreokret.rs\/index.php\/2019\/05\/11\/pokrajinski-sekretarijat-potvrdio-da-linglong-gradi-nezakonito\/#article","isPartOf":{"@id":"https:\/\/gradjanskipreokret.rs\/index.php\/2019\/05\/11\/pokrajinski-sekretarijat-potvrdio-da-linglong-gradi-nezakonito\/"},"author":{"name":"Gra\u0111anski preokret","@id":"https:\/\/gradjanskipreokret.rs\/#\/schema\/person\/0afc6a01a39afb1c9e2df1a5c7d7800d"},"headline":"Pokrajinski sekretarijat potvrdio da Linglong gradi nezakonito","datePublished":"2019-05-11T16:01:28+00:00","dateModified":"2024-06-30T10:02:30+00:00","mainEntityOfPage":{"@id":"https:\/\/gradjanskipreokret.rs\/index.php\/2019\/05\/11\/pokrajinski-sekretarijat-potvrdio-da-linglong-gradi-nezakonito\/"},"wordCount":92,"publisher":{"@id":"https:\/\/gradjanskipreokret.rs\/#organization"},"image":{"@id":"https:\/\/gradjanskipreokret.rs\/index.php\/2019\/05\/11\/pokrajinski-sekretarijat-potvrdio-da-linglong-gradi-nezakonito\/#primaryimage"},"thumbnailUrl":"https:\/\/gradjanskipreokret.rs\/wp-content\/uploads\/2019\/05\/Resenje10052019.jpg","articleSection":["Arhiva","Fabrika guma","Vesti","Zrenjanin"],"inLanguage":"en-US"},{"@type":"WebPage","@id":"https:\/\/gradjanskipreokret.rs\/index.php\/2019\/05\/11\/pokrajinski-sekretarijat-potvrdio-da-linglong-gradi-nezakonito\/","url":"https:\/\/gradjanskipreokret.rs\/index.php\/2019\/05\/11\/pokrajinski-sekretarijat-potvrdio-da-linglong-gradi-nezakonito\/","name":"Pokrajinski sekretarijat potvrdio da Linglong gradi nezakonito - Gra\u0111anski preokret","isPartOf":{"@id":"https:\/\/gradjanskipreokret.rs\/#website"},"primaryImageOfPage":{"@id":"https:\/\/gradjanskipreokret.rs\/index.php\/2019\/05\/11\/pokrajinski-sekretarijat-potvrdio-da-linglong-gradi-nezakonito\/#primaryimage"},"image":{"@id":"https:\/\/gradjanskipreokret.rs\/index.php\/2019\/05\/11\/pokrajinski-sekretarijat-potvrdio-da-linglong-gradi-nezakonito\/#primaryimage"},"thumbnailUrl":"https:\/\/gradjanskipreokret.rs\/wp-content\/uploads\/2019\/05\/Resenje10052019.jpg","datePublished":"2019-05-11T16:01:28+00:00","dateModified":"2024-06-30T10:02:30+00:00","breadcrumb":{"@id":"https:\/\/gradjanskipreokret.rs\/index.php\/2019\/05\/11\/pokrajinski-sekretarijat-potvrdio-da-linglong-gradi-nezakonito\/#breadcrumb"},"inLanguage":"en-US","potentialAction":[{"@type":"ReadAction","target":["https:\/\/gradjanskipreokret.rs\/index.php\/2019\/05\/11\/pokrajinski-sekretarijat-potvrdio-da-linglong-gradi-nezakonito\/"]}]},{"@type":"ImageObject","inLanguage":"en-US","@id":"https:\/\/gradjanskipreokret.rs\/index.php\/2019\/05\/11\/pokrajinski-sekretarijat-potvrdio-da-linglong-gradi-nezakonito\/#primaryimage","url":"https:\/\/gradjanskipreokret.rs\/wp-content\/uploads\/2019\/05\/Resenje10052019.jpg","contentUrl":"https:\/\/gradjanskipreokret.rs\/wp-content\/uploads\/2019\/05\/Resenje10052019.jpg","width":703,"height":571},{"@type":"BreadcrumbList","@id":"https:\/\/gradjanskipreokret.rs\/index.php\/2019\/05\/11\/pokrajinski-sekretarijat-potvrdio-da-linglong-gradi-nezakonito\/#breadcrumb","itemListElement":[{"@type":"ListItem","position":1,"name":"Home","item":"https:\/\/gradjanskipreokret.rs\/"},{"@type":"ListItem","position":2,"name":"Pokrajinski sekretarijat potvrdio da Linglong gradi nezakonito"}]},{"@type":"WebSite","@id":"https:\/\/gradjanskipreokret.rs\/#website","url":"https:\/\/gradjanskipreokret.rs\/","name":"Gra\u0111anski preokret","description":"Gradjanski preokret","publisher":{"@id":"https:\/\/gradjanskipreokret.rs\/#organization"},"potentialAction":[{"@type":"SearchAction","target":{"@type":"EntryPoint","urlTemplate":"https:\/\/gradjanskipreokret.rs\/?s={search_term_string}"},"query-input":{"@type":"PropertyValueSpecification","valueRequired":true,"valueName":"search_term_string"}}],"inLanguage":"en-US"},{"@type":"Organization","@id":"https:\/\/gradjanskipreokret.rs\/#organization","name":"Udru\u017eenje Gra\u0111anski preokret","url":"https:\/\/gradjanskipreokret.rs\/","logo":{"@type":"ImageObject","inLanguage":"en-US","@id":"https:\/\/gradjanskipreokret.rs\/#\/schema\/logo\/image\/","url":"https:\/\/gradjanskipreokret.rs\/wp-content\/uploads\/2019\/03\/FB.png","contentUrl":"https:\/\/gradjanskipreokret.rs\/wp-content\/uploads\/2019\/03\/FB.png","width":773,"height":461,"caption":"Udru\u017eenje Gra\u0111anski preokret"},"image":{"@id":"https:\/\/gradjanskipreokret.rs\/#\/schema\/logo\/image\/"},"sameAs":["https:\/\/www.facebook.com\/gradjanskipreokret\/","https:\/\/x.com\/gpreokret","https:\/\/www.youtube.com\/channel\/UCyEiTcJBTWEFn48AmyxAhsA"]},{"@type":"Person","@id":"https:\/\/gradjanskipreokret.rs\/#\/schema\/person\/0afc6a01a39afb1c9e2df1a5c7d7800d","name":"Gra\u0111anski preokret","image":{"@type":"ImageObject","inLanguage":"en-US","@id":"https:\/\/gradjanskipreokret.rs\/#\/schema\/person\/image\/","url":"https:\/\/secure.gravatar.com\/avatar\/4f775d6a27bef0662bf264239622d14941545c33046ddf7342be24dba39f1270?s=96&d=mm&r=g","contentUrl":"https:\/\/secure.gravatar.com\/avatar\/4f775d6a27bef0662bf264239622d14941545c33046ddf7342be24dba39f1270?s=96&d=mm&r=g","caption":"Gra\u0111anski preokret"},"sameAs":["http:\/\/www.gradjanskipreokret.rs"],"url":"https:\/\/gradjanskipreokret.rs\/index.php\/author\/gradjan1\/"}]}},"_links":{"self":[{"href":"https:\/\/gradjanskipreokret.rs\/index.php\/wp-json\/wp\/v2\/posts\/533","targetHints":{"allow":["GET"]}}],"collection":[{"href":"https:\/\/gradjanskipreokret.rs\/index.php\/wp-json\/wp\/v2\/posts"}],"about":[{"href":"https:\/\/gradjanskipreokret.rs\/index.php\/wp-json\/wp\/v2\/types\/post"}],"author":[{"embeddable":true,"href":"https:\/\/gradjanskipreokret.rs\/index.php\/wp-json\/wp\/v2\/users\/1"}],"replies":[{"embeddable":true,"href":"https:\/\/gradjanskipreokret.rs\/index.php\/wp-json\/wp\/v2\/comments?post=533"}],"version-history":[{"count":2,"href":"https:\/\/gradjanskipreokret.rs\/index.php\/wp-json\/wp\/v2\/posts\/533\/revisions"}],"predecessor-version":[{"id":536,"href":"https:\/\/gradjanskipreokret.rs\/index.php\/wp-json\/wp\/v2\/posts\/533\/revisions\/536"}],"wp:featuredmedia":[{"embeddable":true,"href":"https:\/\/gradjanskipreokret.rs\/index.php\/wp-json\/wp\/v2\/media\/534"}],"wp:attachment":[{"href":"https:\/\/gradjanskipreokret.rs\/index.php\/wp-json\/wp\/v2\/media?parent=533"}],"wp:term":[{"taxonomy":"category","embeddable":true,"href":"https:\/\/gradjanskipreokret.rs\/index.php\/wp-json\/wp\/v2\/categories?post=533"},{"taxonomy":"post_tag","embeddable":true,"href":"https:\/\/gradjanskipreokret.rs\/index.php\/wp-json\/wp\/v2\/tags?post=533"}],"curies":[{"name":"wp","href":"https:\/\/api.w.org\/{rel}","templated":true}]}}