{"id":409,"date":"2019-03-24T07:54:58","date_gmt":"2019-03-24T07:54:58","guid":{"rendered":"https:\/\/gradjanskipreokret.rs\/?p=409"},"modified":"2021-06-19T13:48:26","modified_gmt":"2021-06-19T11:48:26","slug":"sanitarna-saglasnost-nema-veze-s-vodom","status":"publish","type":"post","link":"https:\/\/gradjanskipreokret.rs\/index.php\/2019\/03\/24\/sanitarna-saglasnost-nema-veze-s-vodom\/","title":{"rendered":"Sanitarna saglasnost nema veze s vodom"},"content":{"rendered":"\n<p>Pre nekoliko dana, Grad Zrenjanin i Gruppo Zilio Beograd, investitor izgradnje postrojenja za pre\u010di\u0161\u0107avanje vode za pi\u0107e, zajedni\u010dki su pompezno obavestili javnost da je &#8220;ishodovana sanitarna saglasnost za kori\u0161\u0107enje fabrike vode&#8221;.<\/p>\n\n\n\n<p>Prema Zakonu o sanitarnom\nnadzoru, objekti koji dobijanju sanitarne dozvole pre po\u010detka rada su, izme\u0111u\nostalih, ambulante, restorani, kafi\u0107i, kozmeti\u010dki saloni, frizerski saloni,\nvrti\u0107i, sportske hale, autobuske stanice i mnogi drugi objekti. Sanitarna\nsaglasnost za rad &#8220;fabrike vode&#8221; nema apsolutno nikakve veze s\nkvalitetom vode koju to postrojenje isporu\u010duje.<\/p>\n\n\n\n<p>Gradska vlast treba da\nprestane da se pona\u0161a kao portparol investitora postrojenja za pre\u010di\u0161\u0107avanje\nvode jer je on druga ugovorna strana, pru\u017ealac usluge koju je grad naru\u010dio.\nZrenjanince zanima da li se ugovorom definisana usluga pru\u017ea ili ne, odnosno kakva\nvoda im izlazi iz slavina, a hvaljenje sanitarnom saglasno\u0161\u0107u, ure\u0111eno\u0161\u0107u\nkancelarija i lepotom svojih cvetnih aran\u017emana, neka Gruppo Zilio Beograd\nzadr\u017ei za sebe.<\/p>\n","protected":false},"excerpt":{"rendered":"<p>Pre nekoliko dana, Grad Zrenjanin i Gruppo Zilio Beograd, investitor izgradnje postrojenja za pre\u010di\u0161\u0107avanje vode za pi\u0107e, zajedni\u010dki su pompezno<\/p>\n","protected":false},"author":1,"featured_media":410,"comment_status":"closed","ping_status":"open","sticky":false,"template":"","format":"standard","meta":{"footnotes":""},"categories":[14,16,10,9],"tags":[],"class_list":["post-409","post","type-post","status-publish","format-standard","has-post-thumbnail","hentry","category-arhiva","category-fabrika-vode","category-vesti","category-zrenjanin"],"yoast_head":"<!-- This site is optimized with the Yoast SEO plugin v26.3 - https:\/\/yoast.com\/wordpress\/plugins\/seo\/ -->\n<title>Sanitarna saglasnost nema veze s vodom - Gra\u0111anski preokret<\/title>\n<meta name=\"robots\" content=\"index, follow, max-snippet:-1, max-image-preview:large, max-video-preview:-1\" \/>\n<link rel=\"canonical\" href=\"https:\/\/gradjanskipreokret.rs\/index.php\/2019\/03\/24\/sanitarna-saglasnost-nema-veze-s-vodom\/\" \/>\n<meta property=\"og:locale\" content=\"en_US\" \/>\n<meta property=\"og:type\" content=\"article\" \/>\n<meta property=\"og:title\" content=\"Sanitarna saglasnost nema veze s vodom - Gra\u0111anski preokret\" \/>\n<meta property=\"og:description\" content=\"Pre nekoliko dana, Grad Zrenjanin i Gruppo Zilio Beograd, investitor izgradnje postrojenja za pre\u010di\u0161\u0107avanje vode za pi\u0107e, zajedni\u010dki su pompezno\" \/>\n<meta property=\"og:url\" content=\"https:\/\/gradjanskipreokret.rs\/index.php\/2019\/03\/24\/sanitarna-saglasnost-nema-veze-s-vodom\/\" \/>\n<meta property=\"og:site_name\" content=\"Gra\u0111anski preokret\" \/>\n<meta property=\"article:publisher\" content=\"https:\/\/www.facebook.com\/gradjanskipreokret\/\" \/>\n<meta property=\"article:published_time\" content=\"2019-03-24T07:54:58+00:00\" \/>\n<meta property=\"article:modified_time\" content=\"2021-06-19T11:48:26+00:00\" \/>\n<meta property=\"og:image\" content=\"https:\/\/gradjanskipreokret.rs\/wp-content\/uploads\/2019\/03\/VodaZrenjanin.jpg\" \/>\n\t<meta property=\"og:image:width\" content=\"640\" \/>\n\t<meta property=\"og:image:height\" content=\"480\" \/>\n\t<meta property=\"og:image:type\" content=\"image\/jpeg\" \/>\n<meta name=\"author\" content=\"Gra\u0111anski preokret\" \/>\n<meta name=\"twitter:card\" content=\"summary_large_image\" \/>\n<meta name=\"twitter:creator\" content=\"@gpreokret\" \/>\n<meta name=\"twitter:site\" content=\"@gpreokret\" \/>\n<meta name=\"twitter:label1\" content=\"Written by\" \/>\n\t<meta name=\"twitter:data1\" content=\"Gra\u0111anski preokret\" \/>\n\t<meta name=\"twitter:label2\" content=\"Est. reading time\" \/>\n\t<meta name=\"twitter:data2\" content=\"1 minute\" \/>\n<script type=\"application\/ld+json\" class=\"yoast-schema-graph\">{\"@context\":\"https:\/\/schema.org\",\"@graph\":[{\"@type\":\"Article\",\"@id\":\"https:\/\/gradjanskipreokret.rs\/index.php\/2019\/03\/24\/sanitarna-saglasnost-nema-veze-s-vodom\/#article\",\"isPartOf\":{\"@id\":\"https:\/\/gradjanskipreokret.rs\/index.php\/2019\/03\/24\/sanitarna-saglasnost-nema-veze-s-vodom\/\"},\"author\":{\"name\":\"Gra\u0111anski preokret\",\"@id\":\"https:\/\/gradjanskipreokret.rs\/#\/schema\/person\/0afc6a01a39afb1c9e2df1a5c7d7800d\"},\"headline\":\"Sanitarna saglasnost nema veze s vodom\",\"datePublished\":\"2019-03-24T07:54:58+00:00\",\"dateModified\":\"2021-06-19T11:48:26+00:00\",\"mainEntityOfPage\":{\"@id\":\"https:\/\/gradjanskipreokret.rs\/index.php\/2019\/03\/24\/sanitarna-saglasnost-nema-veze-s-vodom\/\"},\"wordCount\":171,\"publisher\":{\"@id\":\"https:\/\/gradjanskipreokret.rs\/#organization\"},\"image\":{\"@id\":\"https:\/\/gradjanskipreokret.rs\/index.php\/2019\/03\/24\/sanitarna-saglasnost-nema-veze-s-vodom\/#primaryimage\"},\"thumbnailUrl\":\"https:\/\/gradjanskipreokret.rs\/wp-content\/uploads\/2019\/03\/VodaZrenjanin.jpg\",\"articleSection\":[\"Arhiva\",\"Fabrika vode\",\"Vesti\",\"Zrenjanin\"],\"inLanguage\":\"en-US\"},{\"@type\":\"WebPage\",\"@id\":\"https:\/\/gradjanskipreokret.rs\/index.php\/2019\/03\/24\/sanitarna-saglasnost-nema-veze-s-vodom\/\",\"url\":\"https:\/\/gradjanskipreokret.rs\/index.php\/2019\/03\/24\/sanitarna-saglasnost-nema-veze-s-vodom\/\",\"name\":\"Sanitarna saglasnost nema veze s vodom - Gra\u0111anski preokret\",\"isPartOf\":{\"@id\":\"https:\/\/gradjanskipreokret.rs\/#website\"},\"primaryImageOfPage\":{\"@id\":\"https:\/\/gradjanskipreokret.rs\/index.php\/2019\/03\/24\/sanitarna-saglasnost-nema-veze-s-vodom\/#primaryimage\"},\"image\":{\"@id\":\"https:\/\/gradjanskipreokret.rs\/index.php\/2019\/03\/24\/sanitarna-saglasnost-nema-veze-s-vodom\/#primaryimage\"},\"thumbnailUrl\":\"https:\/\/gradjanskipreokret.rs\/wp-content\/uploads\/2019\/03\/VodaZrenjanin.jpg\",\"datePublished\":\"2019-03-24T07:54:58+00:00\",\"dateModified\":\"2021-06-19T11:48:26+00:00\",\"breadcrumb\":{\"@id\":\"https:\/\/gradjanskipreokret.rs\/index.php\/2019\/03\/24\/sanitarna-saglasnost-nema-veze-s-vodom\/#breadcrumb\"},\"inLanguage\":\"en-US\",\"potentialAction\":[{\"@type\":\"ReadAction\",\"target\":[\"https:\/\/gradjanskipreokret.rs\/index.php\/2019\/03\/24\/sanitarna-saglasnost-nema-veze-s-vodom\/\"]}]},{\"@type\":\"ImageObject\",\"inLanguage\":\"en-US\",\"@id\":\"https:\/\/gradjanskipreokret.rs\/index.php\/2019\/03\/24\/sanitarna-saglasnost-nema-veze-s-vodom\/#primaryimage\",\"url\":\"https:\/\/gradjanskipreokret.rs\/wp-content\/uploads\/2019\/03\/VodaZrenjanin.jpg\",\"contentUrl\":\"https:\/\/gradjanskipreokret.rs\/wp-content\/uploads\/2019\/03\/VodaZrenjanin.jpg\",\"width\":640,\"height\":480},{\"@type\":\"BreadcrumbList\",\"@id\":\"https:\/\/gradjanskipreokret.rs\/index.php\/2019\/03\/24\/sanitarna-saglasnost-nema-veze-s-vodom\/#breadcrumb\",\"itemListElement\":[{\"@type\":\"ListItem\",\"position\":1,\"name\":\"Home\",\"item\":\"https:\/\/gradjanskipreokret.rs\/\"},{\"@type\":\"ListItem\",\"position\":2,\"name\":\"Sanitarna saglasnost nema veze s vodom\"}]},{\"@type\":\"WebSite\",\"@id\":\"https:\/\/gradjanskipreokret.rs\/#website\",\"url\":\"https:\/\/gradjanskipreokret.rs\/\",\"name\":\"Gra\u0111anski preokret\",\"description\":\"Gradjanski preokret\",\"publisher\":{\"@id\":\"https:\/\/gradjanskipreokret.rs\/#organization\"},\"potentialAction\":[{\"@type\":\"SearchAction\",\"target\":{\"@type\":\"EntryPoint\",\"urlTemplate\":\"https:\/\/gradjanskipreokret.rs\/?s={search_term_string}\"},\"query-input\":{\"@type\":\"PropertyValueSpecification\",\"valueRequired\":true,\"valueName\":\"search_term_string\"}}],\"inLanguage\":\"en-US\"},{\"@type\":\"Organization\",\"@id\":\"https:\/\/gradjanskipreokret.rs\/#organization\",\"name\":\"Udru\u017eenje Gra\u0111anski preokret\",\"url\":\"https:\/\/gradjanskipreokret.rs\/\",\"logo\":{\"@type\":\"ImageObject\",\"inLanguage\":\"en-US\",\"@id\":\"https:\/\/gradjanskipreokret.rs\/#\/schema\/logo\/image\/\",\"url\":\"https:\/\/gradjanskipreokret.rs\/wp-content\/uploads\/2019\/03\/FB.png\",\"contentUrl\":\"https:\/\/gradjanskipreokret.rs\/wp-content\/uploads\/2019\/03\/FB.png\",\"width\":773,\"height\":461,\"caption\":\"Udru\u017eenje Gra\u0111anski preokret\"},\"image\":{\"@id\":\"https:\/\/gradjanskipreokret.rs\/#\/schema\/logo\/image\/\"},\"sameAs\":[\"https:\/\/www.facebook.com\/gradjanskipreokret\/\",\"https:\/\/x.com\/gpreokret\",\"https:\/\/www.youtube.com\/channel\/UCyEiTcJBTWEFn48AmyxAhsA\"]},{\"@type\":\"Person\",\"@id\":\"https:\/\/gradjanskipreokret.rs\/#\/schema\/person\/0afc6a01a39afb1c9e2df1a5c7d7800d\",\"name\":\"Gra\u0111anski preokret\",\"image\":{\"@type\":\"ImageObject\",\"inLanguage\":\"en-US\",\"@id\":\"https:\/\/gradjanskipreokret.rs\/#\/schema\/person\/image\/\",\"url\":\"https:\/\/secure.gravatar.com\/avatar\/4f775d6a27bef0662bf264239622d14941545c33046ddf7342be24dba39f1270?s=96&d=mm&r=g\",\"contentUrl\":\"https:\/\/secure.gravatar.com\/avatar\/4f775d6a27bef0662bf264239622d14941545c33046ddf7342be24dba39f1270?s=96&d=mm&r=g\",\"caption\":\"Gra\u0111anski preokret\"},\"sameAs\":[\"http:\/\/www.gradjanskipreokret.rs\"],\"url\":\"https:\/\/gradjanskipreokret.rs\/index.php\/author\/gradjan1\/\"}]}<\/script>\n<!-- \/ Yoast SEO plugin. -->","yoast_head_json":{"title":"Sanitarna saglasnost nema veze s vodom - Gra\u0111anski preokret","robots":{"index":"index","follow":"follow","max-snippet":"max-snippet:-1","max-image-preview":"max-image-preview:large","max-video-preview":"max-video-preview:-1"},"canonical":"https:\/\/gradjanskipreokret.rs\/index.php\/2019\/03\/24\/sanitarna-saglasnost-nema-veze-s-vodom\/","og_locale":"en_US","og_type":"article","og_title":"Sanitarna saglasnost nema veze s vodom - Gra\u0111anski preokret","og_description":"Pre nekoliko dana, Grad Zrenjanin i Gruppo Zilio Beograd, investitor izgradnje postrojenja za pre\u010di\u0161\u0107avanje vode za pi\u0107e, zajedni\u010dki su pompezno","og_url":"https:\/\/gradjanskipreokret.rs\/index.php\/2019\/03\/24\/sanitarna-saglasnost-nema-veze-s-vodom\/","og_site_name":"Gra\u0111anski preokret","article_publisher":"https:\/\/www.facebook.com\/gradjanskipreokret\/","article_published_time":"2019-03-24T07:54:58+00:00","article_modified_time":"2021-06-19T11:48:26+00:00","og_image":[{"width":640,"height":480,"url":"https:\/\/gradjanskipreokret.rs\/wp-content\/uploads\/2019\/03\/VodaZrenjanin.jpg","type":"image\/jpeg"}],"author":"Gra\u0111anski preokret","twitter_card":"summary_large_image","twitter_creator":"@gpreokret","twitter_site":"@gpreokret","twitter_misc":{"Written by":"Gra\u0111anski preokret","Est. reading time":"1 minute"},"schema":{"@context":"https:\/\/schema.org","@graph":[{"@type":"Article","@id":"https:\/\/gradjanskipreokret.rs\/index.php\/2019\/03\/24\/sanitarna-saglasnost-nema-veze-s-vodom\/#article","isPartOf":{"@id":"https:\/\/gradjanskipreokret.rs\/index.php\/2019\/03\/24\/sanitarna-saglasnost-nema-veze-s-vodom\/"},"author":{"name":"Gra\u0111anski preokret","@id":"https:\/\/gradjanskipreokret.rs\/#\/schema\/person\/0afc6a01a39afb1c9e2df1a5c7d7800d"},"headline":"Sanitarna saglasnost nema veze s vodom","datePublished":"2019-03-24T07:54:58+00:00","dateModified":"2021-06-19T11:48:26+00:00","mainEntityOfPage":{"@id":"https:\/\/gradjanskipreokret.rs\/index.php\/2019\/03\/24\/sanitarna-saglasnost-nema-veze-s-vodom\/"},"wordCount":171,"publisher":{"@id":"https:\/\/gradjanskipreokret.rs\/#organization"},"image":{"@id":"https:\/\/gradjanskipreokret.rs\/index.php\/2019\/03\/24\/sanitarna-saglasnost-nema-veze-s-vodom\/#primaryimage"},"thumbnailUrl":"https:\/\/gradjanskipreokret.rs\/wp-content\/uploads\/2019\/03\/VodaZrenjanin.jpg","articleSection":["Arhiva","Fabrika vode","Vesti","Zrenjanin"],"inLanguage":"en-US"},{"@type":"WebPage","@id":"https:\/\/gradjanskipreokret.rs\/index.php\/2019\/03\/24\/sanitarna-saglasnost-nema-veze-s-vodom\/","url":"https:\/\/gradjanskipreokret.rs\/index.php\/2019\/03\/24\/sanitarna-saglasnost-nema-veze-s-vodom\/","name":"Sanitarna saglasnost nema veze s vodom - Gra\u0111anski preokret","isPartOf":{"@id":"https:\/\/gradjanskipreokret.rs\/#website"},"primaryImageOfPage":{"@id":"https:\/\/gradjanskipreokret.rs\/index.php\/2019\/03\/24\/sanitarna-saglasnost-nema-veze-s-vodom\/#primaryimage"},"image":{"@id":"https:\/\/gradjanskipreokret.rs\/index.php\/2019\/03\/24\/sanitarna-saglasnost-nema-veze-s-vodom\/#primaryimage"},"thumbnailUrl":"https:\/\/gradjanskipreokret.rs\/wp-content\/uploads\/2019\/03\/VodaZrenjanin.jpg","datePublished":"2019-03-24T07:54:58+00:00","dateModified":"2021-06-19T11:48:26+00:00","breadcrumb":{"@id":"https:\/\/gradjanskipreokret.rs\/index.php\/2019\/03\/24\/sanitarna-saglasnost-nema-veze-s-vodom\/#breadcrumb"},"inLanguage":"en-US","potentialAction":[{"@type":"ReadAction","target":["https:\/\/gradjanskipreokret.rs\/index.php\/2019\/03\/24\/sanitarna-saglasnost-nema-veze-s-vodom\/"]}]},{"@type":"ImageObject","inLanguage":"en-US","@id":"https:\/\/gradjanskipreokret.rs\/index.php\/2019\/03\/24\/sanitarna-saglasnost-nema-veze-s-vodom\/#primaryimage","url":"https:\/\/gradjanskipreokret.rs\/wp-content\/uploads\/2019\/03\/VodaZrenjanin.jpg","contentUrl":"https:\/\/gradjanskipreokret.rs\/wp-content\/uploads\/2019\/03\/VodaZrenjanin.jpg","width":640,"height":480},{"@type":"BreadcrumbList","@id":"https:\/\/gradjanskipreokret.rs\/index.php\/2019\/03\/24\/sanitarna-saglasnost-nema-veze-s-vodom\/#breadcrumb","itemListElement":[{"@type":"ListItem","position":1,"name":"Home","item":"https:\/\/gradjanskipreokret.rs\/"},{"@type":"ListItem","position":2,"name":"Sanitarna saglasnost nema veze s vodom"}]},{"@type":"WebSite","@id":"https:\/\/gradjanskipreokret.rs\/#website","url":"https:\/\/gradjanskipreokret.rs\/","name":"Gra\u0111anski preokret","description":"Gradjanski preokret","publisher":{"@id":"https:\/\/gradjanskipreokret.rs\/#organization"},"potentialAction":[{"@type":"SearchAction","target":{"@type":"EntryPoint","urlTemplate":"https:\/\/gradjanskipreokret.rs\/?s={search_term_string}"},"query-input":{"@type":"PropertyValueSpecification","valueRequired":true,"valueName":"search_term_string"}}],"inLanguage":"en-US"},{"@type":"Organization","@id":"https:\/\/gradjanskipreokret.rs\/#organization","name":"Udru\u017eenje Gra\u0111anski preokret","url":"https:\/\/gradjanskipreokret.rs\/","logo":{"@type":"ImageObject","inLanguage":"en-US","@id":"https:\/\/gradjanskipreokret.rs\/#\/schema\/logo\/image\/","url":"https:\/\/gradjanskipreokret.rs\/wp-content\/uploads\/2019\/03\/FB.png","contentUrl":"https:\/\/gradjanskipreokret.rs\/wp-content\/uploads\/2019\/03\/FB.png","width":773,"height":461,"caption":"Udru\u017eenje Gra\u0111anski preokret"},"image":{"@id":"https:\/\/gradjanskipreokret.rs\/#\/schema\/logo\/image\/"},"sameAs":["https:\/\/www.facebook.com\/gradjanskipreokret\/","https:\/\/x.com\/gpreokret","https:\/\/www.youtube.com\/channel\/UCyEiTcJBTWEFn48AmyxAhsA"]},{"@type":"Person","@id":"https:\/\/gradjanskipreokret.rs\/#\/schema\/person\/0afc6a01a39afb1c9e2df1a5c7d7800d","name":"Gra\u0111anski preokret","image":{"@type":"ImageObject","inLanguage":"en-US","@id":"https:\/\/gradjanskipreokret.rs\/#\/schema\/person\/image\/","url":"https:\/\/secure.gravatar.com\/avatar\/4f775d6a27bef0662bf264239622d14941545c33046ddf7342be24dba39f1270?s=96&d=mm&r=g","contentUrl":"https:\/\/secure.gravatar.com\/avatar\/4f775d6a27bef0662bf264239622d14941545c33046ddf7342be24dba39f1270?s=96&d=mm&r=g","caption":"Gra\u0111anski preokret"},"sameAs":["http:\/\/www.gradjanskipreokret.rs"],"url":"https:\/\/gradjanskipreokret.rs\/index.php\/author\/gradjan1\/"}]}},"_links":{"self":[{"href":"https:\/\/gradjanskipreokret.rs\/index.php\/wp-json\/wp\/v2\/posts\/409","targetHints":{"allow":["GET"]}}],"collection":[{"href":"https:\/\/gradjanskipreokret.rs\/index.php\/wp-json\/wp\/v2\/posts"}],"about":[{"href":"https:\/\/gradjanskipreokret.rs\/index.php\/wp-json\/wp\/v2\/types\/post"}],"author":[{"embeddable":true,"href":"https:\/\/gradjanskipreokret.rs\/index.php\/wp-json\/wp\/v2\/users\/1"}],"replies":[{"embeddable":true,"href":"https:\/\/gradjanskipreokret.rs\/index.php\/wp-json\/wp\/v2\/comments?post=409"}],"version-history":[{"count":2,"href":"https:\/\/gradjanskipreokret.rs\/index.php\/wp-json\/wp\/v2\/posts\/409\/revisions"}],"predecessor-version":[{"id":412,"href":"https:\/\/gradjanskipreokret.rs\/index.php\/wp-json\/wp\/v2\/posts\/409\/revisions\/412"}],"wp:featuredmedia":[{"embeddable":true,"href":"https:\/\/gradjanskipreokret.rs\/index.php\/wp-json\/wp\/v2\/media\/410"}],"wp:attachment":[{"href":"https:\/\/gradjanskipreokret.rs\/index.php\/wp-json\/wp\/v2\/media?parent=409"}],"wp:term":[{"taxonomy":"category","embeddable":true,"href":"https:\/\/gradjanskipreokret.rs\/index.php\/wp-json\/wp\/v2\/categories?post=409"},{"taxonomy":"post_tag","embeddable":true,"href":"https:\/\/gradjanskipreokret.rs\/index.php\/wp-json\/wp\/v2\/tags?post=409"}],"curies":[{"name":"wp","href":"https:\/\/api.w.org\/{rel}","templated":true}]}}