{"id":3687,"date":"2023-05-25T12:07:42","date_gmt":"2023-05-25T10:07:42","guid":{"rendered":"https:\/\/gradjanskipreokret.rs\/?p=3687"},"modified":"2023-06-01T10:50:06","modified_gmt":"2023-06-01T08:50:06","slug":"gradani-su-duzni-da-sprece-aleksandra-vucica-da-unisti-narod-i-drzavu","status":"publish","type":"post","link":"https:\/\/gradjanskipreokret.rs\/index.php\/2023\/05\/25\/gradani-su-duzni-da-sprece-aleksandra-vucica-da-unisti-narod-i-drzavu\/","title":{"rendered":"Gra\u0111ani su du\u017eni da spre\u010de Aleksandra Vu\u010di\u0107a da uni\u0161ti narod i dr\u017eavu"},"content":{"rendered":"\n<p><strong>Pi\u0161e: Miroslav Samard\u017ei\u0107, politikolog iz Zrenjanina<\/strong><\/p>\n\n\n\n<p>Nedavni masakri u Beogradu i Madenovcu izazvali su do sada najmasovnije proteste protiv re\u017eima li\u010dne vlasti Aleksandra Vu\u010di\u0107a. Godinama potiskivano nezadovoljstvo izlilo se na ulice. Iako masovni, protesti za sada nemaju jasan politi\u010dki program. Ukoliko gra\u0111ani budu uporni, pojavi\u0107e se nove ideje i zahtevi \u0107e biti radikalizovani. Krajnje je vreme da svi ustanemo protiv \u0161teto\u010dinske naprednja\u010dke vlasti koja preti da uni\u0161ti narod i dr\u017eavu.<\/p>\n\n\n\n<p>Politi\u010dki su uspe\u0161ni samo protesti koji dovode do nastanka institucija koje imaju mo\u0107. Zbog toga, \u0161etnje nisu dovoljne za iskazivanje nezadovoljstva. Va\u017eno je stvarati organizacje koje \u0107e u du\u017eem vremenskom periodu opozicino i antire\u017eimski delovati i koje \u0107e biti kadre da ponude alternativna re\u0161enja za izlazak iz te\u0161ke socijalne, moralne i polit\u010dke krize u kojima se nalazi na\u0161e dru\u0161tvo.<\/p>\n\n\n\n<p>Opravdan je zahtev da se onemogu\u0107e re\u017eimski mediji da i dalje uni\u0161tavaju ne samo politi\u010dke protivnike ve\u0107 i svaki oblik civilizovane komunikacije, pretvaraju\u0107i dru\u0161tvo u zverinjak u kome ne va\u017ee nikakave moralne norme.<\/p>\n\n\n\n<p>Protesti ne smeju biti ograni\u010deni na postavljanje najop\u0161tijih zahteva u vezi sa demokratijom i medijskim slobodama. Treba ukazati i na socijalne probleme, kao \u0161to su siroma\u0161tvo, uni\u0161tavanje prirodnih bogatstava, zaga\u0111enje \u017eivotne sredine, odsustvo za\u0161tite prava na radu i sli\u010dna. Da bi se protesti omasovili&nbsp; potrebno je uklju\u010diti sve legitimne oblike nezadovoljstva. Kriza i autoritarnost u dru\u0161tvu imaju mno\u0161tvo razli\u010ditih oblika, treba povezati politi\u010dke zahteve sa problemima obi\u010dnih ljudi, kako bi oni proteste videli kao \u0161ansu za ostvarivanje svojih interesa.<\/p>\n\n\n\n<p>Pored zahteva za vi\u0161e demokratije, treba uklju\u010diti i zahteve za socijalnu pravdu. Rastu\u0107a nejednakost svugde u svetu razara dru\u0161tva i usporava privredni rast. Budu\u0107i da je u Srbiji pravni sistem kolabirao, insistiranje na po\u0161tovanju zakona i Ustava postaje radikalana opoziciona politi\u010dka platforma.<\/p>\n\n\n\n<p>Decentralizacija pokreta je va\u017ena, treba isticati mno\u0161tvo lokalnih zahteva, 40 posto kupovne mo\u0107i u Srbiji je u Beogradu, a u provinciji bujaju siroma\u0161tvo,&nbsp;bezna\u0111e i svi oblici socijalne patologije. Decentralizacija ote\u017eava i primenu represije nad demonstrantima. Decentralizovani otpor te\u017ee je i korumpirati, a on bi mogao da stvori nove lidere. Beogradizovane opozicione politi\u010dke oligarhije ne\u0107e prihvatiti patricipativni, demokratski na\u010din organizacije protesta, jer bi u tom slu\u010daju izgubile kontrolu, a opozicioni lideri nisu zainteresovani da protesti ugroze elitisti\u010dki koncept politike.<\/p>\n\n\n\n<p>U poslednjih dvadesetak godina u Vojvodini je do\u0161lo je do rapidne koncentracije vlasni\u0161tva nad poljoprivrednim zemlji\u0161tem, nastale su prave latifundije, vi\u0161e krupnih vlasnika raspola\u017ee desetinama hiljada hektara obradive zemlje, \u0161to je uz pomo\u0107 neoliberalne dr\u017eavne politike u agraru onemogu\u0107ilo ekonomsku odr\u017eivost malog poseda i dovelo do socijalne katastrofe u selima. Srbija je izgubila suverenitet u proizvodnji hrane. Ukoliko na svetskom tr\u017ei\u0161tu do\u0111e do ve\u0107ih poreme\u0107aja na\u0107i \u0107emo se u situaciji u kojoj je bila Irska u devetnaestom veku kada su brodovi puni krompira odlazili u Englesku, a doma\u0107e stanovni\u0161tvo umiralo od gladi. Nedavni protesti poljoprivrednih proizvo\u0111a\u010da pokazali su jo\u0161 jednom da je vlast uzdrmana. Treba podr\u017eati opravdane zahteve ratara i sto\u010dara i pozvati ih da se priklju\u010de gra\u0111anskim protestima.<\/p>\n\n\n\n<p>Kad je Zrenjanin u pitanju voda je najve\u0107i problem i to stalno treba isticati. Deset godina gradski funkcioneri i instiutcije bezo\u010dno la\u017eu kako \u0107e obezbediti ispravnu pija\u0107u vodu. Za tako slo\u017een poduhvat oni nisu ni spremni ni sposobni. Gradom vladaju ljudi sa kupljenim diplomama, sve i da ho\u0107e ne\u0161to korisno da urade &#8211; oni za to nisu kvalifikovani. Gra\u0111ani sami moraju preuzeti inicijativu kako bi najve\u0107i komunalni i zdravstveni prblem u na\u0161oj sredini bio re\u0161en. Sklapanjem ugovora sa firmom Metito iz Ujedinjenih Arapskih Emirata naprednja\u010dka vlast je jednoj stranoj privatnoj kompaniji prepustila kontrolu nad biolo\u0161kim opstankom ovda\u0161njeg stanovni\u0161tva. Takvim poslovima od najve\u0107eg zdravstvenog zna\u010daja trebalo bi da se bave samo doma\u0107a preduze\u0107a u javnom vlasni\u0161tvu.<\/p>\n\n\n\n<div class=\"wp-block-image\"><figure class=\"aligncenter size-large\"><img loading=\"lazy\" decoding=\"async\" width=\"1024\" height=\"577\" src=\"https:\/\/gradjanskipreokret.rs\/wp-content\/uploads\/2023\/05\/Fw6UzasXgAAvgtt-1024x577.jpg\" alt=\"\" class=\"wp-image-3688\" srcset=\"https:\/\/gradjanskipreokret.rs\/wp-content\/uploads\/2023\/05\/Fw6UzasXgAAvgtt-1024x577.jpg 1024w, https:\/\/gradjanskipreokret.rs\/wp-content\/uploads\/2023\/05\/Fw6UzasXgAAvgtt-300x169.jpg 300w, https:\/\/gradjanskipreokret.rs\/wp-content\/uploads\/2023\/05\/Fw6UzasXgAAvgtt-768x432.jpg 768w, https:\/\/gradjanskipreokret.rs\/wp-content\/uploads\/2023\/05\/Fw6UzasXgAAvgtt-1536x865.jpg 1536w, https:\/\/gradjanskipreokret.rs\/wp-content\/uploads\/2023\/05\/Fw6UzasXgAAvgtt.jpg 1600w\" sizes=\"auto, (max-width: 1024px) 100vw, 1024px\" \/><figcaption><em>Protest Zrenjaninaca 24. maja 2023. godine<\/em><\/figcaption><\/figure><\/div>\n\n\n\n<p>Izgradnju kineske fabrike autoguma Linglong prate brojne povrede doma\u0107ih propisa, a opravdana je i bojazan za ekolo\u0161ku bezbednost te fabrike. Lokalna vlast donela je do sada niz odluka koje favorizuju ovu kompaniju na \u0161tetu doma\u0107eg stanovni\u0161tva. Linglong je dobio ogromne donacije od dr\u017eave. Da je taj novac bio utro\u0161en na re\u0161avanje komunalnih problema u Zrenjaninu, ve\u0107 bismo imali ispravnu vodu za pi\u0107e i neuporedivo bolju komunalnu infrastrukturu.<\/p>\n\n\n\n<p>Javna preduze\u0107a u Zrenjaninu pretvorena su u partijske pr\u0107ije, neefikasna su i diletantizovana. Javni zdravstveni sitem se raspao. U Zrenjaninu danas mogu da se le\u010de samo bogati ljudi koji imaju novca da pla\u0107aju privatne medicinske usluge. Treba evidentirati sve goru\u0107e lokalne probleme i o njima govoriti na protestima.<\/p>\n\n\n\n<p>Cilj protesta trebalo bi da bude sabiranje svih oblika nezadovoljstva u mo\u0107an socijalni pokret i pru\u017eanje otpora svim oblicima nepravdi koje postoje. Treba promeniti odnose mo\u0107i u dru\u0161tvu, osporiti monopol vlasti SNS-a i radikalizovati demokratska na\u010dela jednakosti, slobode i ljudskih prava. Moramo zaustaviti rasprodaju privrednih i prirodnih bogatstava, reorganizovati dr\u017eavu i spre\u010diti njeno uni\u0161tenje.<\/p>\n","protected":false},"excerpt":{"rendered":"<p>Pi\u0161e: Miroslav Samard\u017ei\u0107, politikolog iz Zrenjanina Nedavni masakri u Beogradu i Madenovcu izazvali su do sada najmasovnije proteste protiv re\u017eima<\/p>\n","protected":false},"author":1,"featured_media":3688,"comment_status":"closed","ping_status":"open","sticky":false,"template":"","format":"standard","meta":{"footnotes":""},"categories":[14,11],"tags":[],"class_list":["post-3687","post","type-post","status-publish","format-standard","has-post-thumbnail","hentry","category-arhiva","category-misljenja"],"yoast_head":"<!-- This site is optimized with the Yoast SEO plugin v26.3 - https:\/\/yoast.com\/wordpress\/plugins\/seo\/ -->\n<title>Gra\u0111ani su du\u017eni da spre\u010de Aleksandra Vu\u010di\u0107a da uni\u0161ti narod i dr\u017eavu - Gra\u0111anski preokret<\/title>\n<meta name=\"robots\" content=\"index, follow, max-snippet:-1, max-image-preview:large, max-video-preview:-1\" \/>\n<link rel=\"canonical\" href=\"https:\/\/gradjanskipreokret.rs\/index.php\/2023\/05\/25\/gradani-su-duzni-da-sprece-aleksandra-vucica-da-unisti-narod-i-drzavu\/\" \/>\n<meta property=\"og:locale\" content=\"en_US\" \/>\n<meta property=\"og:type\" content=\"article\" \/>\n<meta property=\"og:title\" content=\"Gra\u0111ani su du\u017eni da spre\u010de Aleksandra Vu\u010di\u0107a da uni\u0161ti narod i dr\u017eavu\" \/>\n<meta property=\"og:description\" content=\"Cilj protesta trebalo bi da bude sabiranje svih oblika nezadovoljstva u mo\u0107an socijalni pokret i pru\u017eanje otpora svim oblicima nepravdi koje postoje.\" \/>\n<meta property=\"og:url\" content=\"https:\/\/gradjanskipreokret.rs\/index.php\/2023\/05\/25\/gradani-su-duzni-da-sprece-aleksandra-vucica-da-unisti-narod-i-drzavu\/\" \/>\n<meta property=\"og:site_name\" content=\"Gra\u0111anski preokret\" \/>\n<meta property=\"article:publisher\" content=\"https:\/\/www.facebook.com\/gradjanskipreokret\/\" \/>\n<meta property=\"article:published_time\" content=\"2023-05-25T10:07:42+00:00\" \/>\n<meta property=\"article:modified_time\" content=\"2023-06-01T08:50:06+00:00\" \/>\n<meta property=\"og:image\" content=\"https:\/\/gradjanskipreokret.rs\/wp-content\/uploads\/2023\/05\/Fw6UzasXgAAvgtt.jpg\" \/>\n\t<meta property=\"og:image:width\" content=\"1600\" \/>\n\t<meta property=\"og:image:height\" content=\"901\" \/>\n\t<meta property=\"og:image:type\" content=\"image\/jpeg\" \/>\n<meta name=\"author\" content=\"Gra\u0111anski preokret\" \/>\n<meta name=\"twitter:card\" content=\"summary_large_image\" \/>\n<meta name=\"twitter:title\" content=\"Gra\u0111ani su du\u017eni da spre\u010de Aleksandra Vu\u010di\u0107a da uni\u0161ti narod i dr\u017eavu\" \/>\n<meta name=\"twitter:description\" content=\"Cilj protesta trebalo bi da bude sabiranje svih oblika nezadovoljstva u mo\u0107an socijalni pokret i pru\u017eanje otpora svim oblicima nepravdi koje postoje.\" \/>\n<meta name=\"twitter:image\" content=\"https:\/\/gradjanskipreokret.rs\/wp-content\/uploads\/2023\/05\/Fw6UzasXgAAvgtt.jpg\" \/>\n<meta name=\"twitter:creator\" content=\"@gpreokret\" \/>\n<meta name=\"twitter:site\" content=\"@gpreokret\" \/>\n<meta name=\"twitter:label1\" content=\"Written by\" \/>\n\t<meta name=\"twitter:data1\" content=\"Gra\u0111anski preokret\" \/>\n\t<meta name=\"twitter:label2\" content=\"Est. reading time\" \/>\n\t<meta name=\"twitter:data2\" content=\"4 minutes\" \/>\n<script type=\"application\/ld+json\" class=\"yoast-schema-graph\">{\"@context\":\"https:\/\/schema.org\",\"@graph\":[{\"@type\":\"Article\",\"@id\":\"https:\/\/gradjanskipreokret.rs\/index.php\/2023\/05\/25\/gradani-su-duzni-da-sprece-aleksandra-vucica-da-unisti-narod-i-drzavu\/#article\",\"isPartOf\":{\"@id\":\"https:\/\/gradjanskipreokret.rs\/index.php\/2023\/05\/25\/gradani-su-duzni-da-sprece-aleksandra-vucica-da-unisti-narod-i-drzavu\/\"},\"author\":{\"name\":\"Gra\u0111anski preokret\",\"@id\":\"https:\/\/gradjanskipreokret.rs\/#\/schema\/person\/0afc6a01a39afb1c9e2df1a5c7d7800d\"},\"headline\":\"Gra\u0111ani su du\u017eni da spre\u010de Aleksandra Vu\u010di\u0107a da uni\u0161ti narod i dr\u017eavu\",\"datePublished\":\"2023-05-25T10:07:42+00:00\",\"dateModified\":\"2023-06-01T08:50:06+00:00\",\"mainEntityOfPage\":{\"@id\":\"https:\/\/gradjanskipreokret.rs\/index.php\/2023\/05\/25\/gradani-su-duzni-da-sprece-aleksandra-vucica-da-unisti-narod-i-drzavu\/\"},\"wordCount\":914,\"publisher\":{\"@id\":\"https:\/\/gradjanskipreokret.rs\/#organization\"},\"image\":{\"@id\":\"https:\/\/gradjanskipreokret.rs\/index.php\/2023\/05\/25\/gradani-su-duzni-da-sprece-aleksandra-vucica-da-unisti-narod-i-drzavu\/#primaryimage\"},\"thumbnailUrl\":\"https:\/\/gradjanskipreokret.rs\/wp-content\/uploads\/2023\/05\/Fw6UzasXgAAvgtt.jpg\",\"articleSection\":[\"Arhiva\",\"Mi\u0161ljenja\"],\"inLanguage\":\"en-US\"},{\"@type\":\"WebPage\",\"@id\":\"https:\/\/gradjanskipreokret.rs\/index.php\/2023\/05\/25\/gradani-su-duzni-da-sprece-aleksandra-vucica-da-unisti-narod-i-drzavu\/\",\"url\":\"https:\/\/gradjanskipreokret.rs\/index.php\/2023\/05\/25\/gradani-su-duzni-da-sprece-aleksandra-vucica-da-unisti-narod-i-drzavu\/\",\"name\":\"Gra\u0111ani su du\u017eni da spre\u010de Aleksandra Vu\u010di\u0107a da uni\u0161ti narod i dr\u017eavu - Gra\u0111anski preokret\",\"isPartOf\":{\"@id\":\"https:\/\/gradjanskipreokret.rs\/#website\"},\"primaryImageOfPage\":{\"@id\":\"https:\/\/gradjanskipreokret.rs\/index.php\/2023\/05\/25\/gradani-su-duzni-da-sprece-aleksandra-vucica-da-unisti-narod-i-drzavu\/#primaryimage\"},\"image\":{\"@id\":\"https:\/\/gradjanskipreokret.rs\/index.php\/2023\/05\/25\/gradani-su-duzni-da-sprece-aleksandra-vucica-da-unisti-narod-i-drzavu\/#primaryimage\"},\"thumbnailUrl\":\"https:\/\/gradjanskipreokret.rs\/wp-content\/uploads\/2023\/05\/Fw6UzasXgAAvgtt.jpg\",\"datePublished\":\"2023-05-25T10:07:42+00:00\",\"dateModified\":\"2023-06-01T08:50:06+00:00\",\"breadcrumb\":{\"@id\":\"https:\/\/gradjanskipreokret.rs\/index.php\/2023\/05\/25\/gradani-su-duzni-da-sprece-aleksandra-vucica-da-unisti-narod-i-drzavu\/#breadcrumb\"},\"inLanguage\":\"en-US\",\"potentialAction\":[{\"@type\":\"ReadAction\",\"target\":[\"https:\/\/gradjanskipreokret.rs\/index.php\/2023\/05\/25\/gradani-su-duzni-da-sprece-aleksandra-vucica-da-unisti-narod-i-drzavu\/\"]}]},{\"@type\":\"ImageObject\",\"inLanguage\":\"en-US\",\"@id\":\"https:\/\/gradjanskipreokret.rs\/index.php\/2023\/05\/25\/gradani-su-duzni-da-sprece-aleksandra-vucica-da-unisti-narod-i-drzavu\/#primaryimage\",\"url\":\"https:\/\/gradjanskipreokret.rs\/wp-content\/uploads\/2023\/05\/Fw6UzasXgAAvgtt.jpg\",\"contentUrl\":\"https:\/\/gradjanskipreokret.rs\/wp-content\/uploads\/2023\/05\/Fw6UzasXgAAvgtt.jpg\",\"width\":1600,\"height\":901},{\"@type\":\"BreadcrumbList\",\"@id\":\"https:\/\/gradjanskipreokret.rs\/index.php\/2023\/05\/25\/gradani-su-duzni-da-sprece-aleksandra-vucica-da-unisti-narod-i-drzavu\/#breadcrumb\",\"itemListElement\":[{\"@type\":\"ListItem\",\"position\":1,\"name\":\"Home\",\"item\":\"https:\/\/gradjanskipreokret.rs\/\"},{\"@type\":\"ListItem\",\"position\":2,\"name\":\"Gra\u0111ani su du\u017eni da spre\u010de Aleksandra Vu\u010di\u0107a da uni\u0161ti narod i dr\u017eavu\"}]},{\"@type\":\"WebSite\",\"@id\":\"https:\/\/gradjanskipreokret.rs\/#website\",\"url\":\"https:\/\/gradjanskipreokret.rs\/\",\"name\":\"Gra\u0111anski preokret\",\"description\":\"Gradjanski preokret\",\"publisher\":{\"@id\":\"https:\/\/gradjanskipreokret.rs\/#organization\"},\"potentialAction\":[{\"@type\":\"SearchAction\",\"target\":{\"@type\":\"EntryPoint\",\"urlTemplate\":\"https:\/\/gradjanskipreokret.rs\/?s={search_term_string}\"},\"query-input\":{\"@type\":\"PropertyValueSpecification\",\"valueRequired\":true,\"valueName\":\"search_term_string\"}}],\"inLanguage\":\"en-US\"},{\"@type\":\"Organization\",\"@id\":\"https:\/\/gradjanskipreokret.rs\/#organization\",\"name\":\"Udru\u017eenje Gra\u0111anski preokret\",\"url\":\"https:\/\/gradjanskipreokret.rs\/\",\"logo\":{\"@type\":\"ImageObject\",\"inLanguage\":\"en-US\",\"@id\":\"https:\/\/gradjanskipreokret.rs\/#\/schema\/logo\/image\/\",\"url\":\"https:\/\/gradjanskipreokret.rs\/wp-content\/uploads\/2019\/03\/FB.png\",\"contentUrl\":\"https:\/\/gradjanskipreokret.rs\/wp-content\/uploads\/2019\/03\/FB.png\",\"width\":773,\"height\":461,\"caption\":\"Udru\u017eenje Gra\u0111anski preokret\"},\"image\":{\"@id\":\"https:\/\/gradjanskipreokret.rs\/#\/schema\/logo\/image\/\"},\"sameAs\":[\"https:\/\/www.facebook.com\/gradjanskipreokret\/\",\"https:\/\/x.com\/gpreokret\",\"https:\/\/www.youtube.com\/channel\/UCyEiTcJBTWEFn48AmyxAhsA\"]},{\"@type\":\"Person\",\"@id\":\"https:\/\/gradjanskipreokret.rs\/#\/schema\/person\/0afc6a01a39afb1c9e2df1a5c7d7800d\",\"name\":\"Gra\u0111anski preokret\",\"image\":{\"@type\":\"ImageObject\",\"inLanguage\":\"en-US\",\"@id\":\"https:\/\/gradjanskipreokret.rs\/#\/schema\/person\/image\/\",\"url\":\"https:\/\/secure.gravatar.com\/avatar\/4f775d6a27bef0662bf264239622d14941545c33046ddf7342be24dba39f1270?s=96&d=mm&r=g\",\"contentUrl\":\"https:\/\/secure.gravatar.com\/avatar\/4f775d6a27bef0662bf264239622d14941545c33046ddf7342be24dba39f1270?s=96&d=mm&r=g\",\"caption\":\"Gra\u0111anski preokret\"},\"sameAs\":[\"http:\/\/www.gradjanskipreokret.rs\"],\"url\":\"https:\/\/gradjanskipreokret.rs\/index.php\/author\/gradjan1\/\"}]}<\/script>\n<!-- \/ Yoast SEO plugin. -->","yoast_head_json":{"title":"Gra\u0111ani su du\u017eni da spre\u010de Aleksandra Vu\u010di\u0107a da uni\u0161ti narod i dr\u017eavu - Gra\u0111anski preokret","robots":{"index":"index","follow":"follow","max-snippet":"max-snippet:-1","max-image-preview":"max-image-preview:large","max-video-preview":"max-video-preview:-1"},"canonical":"https:\/\/gradjanskipreokret.rs\/index.php\/2023\/05\/25\/gradani-su-duzni-da-sprece-aleksandra-vucica-da-unisti-narod-i-drzavu\/","og_locale":"en_US","og_type":"article","og_title":"Gra\u0111ani su du\u017eni da spre\u010de Aleksandra Vu\u010di\u0107a da uni\u0161ti narod i dr\u017eavu","og_description":"Cilj protesta trebalo bi da bude sabiranje svih oblika nezadovoljstva u mo\u0107an socijalni pokret i pru\u017eanje otpora svim oblicima nepravdi koje postoje.","og_url":"https:\/\/gradjanskipreokret.rs\/index.php\/2023\/05\/25\/gradani-su-duzni-da-sprece-aleksandra-vucica-da-unisti-narod-i-drzavu\/","og_site_name":"Gra\u0111anski preokret","article_publisher":"https:\/\/www.facebook.com\/gradjanskipreokret\/","article_published_time":"2023-05-25T10:07:42+00:00","article_modified_time":"2023-06-01T08:50:06+00:00","og_image":[{"width":1600,"height":901,"url":"https:\/\/gradjanskipreokret.rs\/wp-content\/uploads\/2023\/05\/Fw6UzasXgAAvgtt.jpg","type":"image\/jpeg"}],"author":"Gra\u0111anski preokret","twitter_card":"summary_large_image","twitter_title":"Gra\u0111ani su du\u017eni da spre\u010de Aleksandra Vu\u010di\u0107a da uni\u0161ti narod i dr\u017eavu","twitter_description":"Cilj protesta trebalo bi da bude sabiranje svih oblika nezadovoljstva u mo\u0107an socijalni pokret i pru\u017eanje otpora svim oblicima nepravdi koje postoje.","twitter_image":"https:\/\/gradjanskipreokret.rs\/wp-content\/uploads\/2023\/05\/Fw6UzasXgAAvgtt.jpg","twitter_creator":"@gpreokret","twitter_site":"@gpreokret","twitter_misc":{"Written by":"Gra\u0111anski preokret","Est. reading time":"4 minutes"},"schema":{"@context":"https:\/\/schema.org","@graph":[{"@type":"Article","@id":"https:\/\/gradjanskipreokret.rs\/index.php\/2023\/05\/25\/gradani-su-duzni-da-sprece-aleksandra-vucica-da-unisti-narod-i-drzavu\/#article","isPartOf":{"@id":"https:\/\/gradjanskipreokret.rs\/index.php\/2023\/05\/25\/gradani-su-duzni-da-sprece-aleksandra-vucica-da-unisti-narod-i-drzavu\/"},"author":{"name":"Gra\u0111anski preokret","@id":"https:\/\/gradjanskipreokret.rs\/#\/schema\/person\/0afc6a01a39afb1c9e2df1a5c7d7800d"},"headline":"Gra\u0111ani su du\u017eni da spre\u010de Aleksandra Vu\u010di\u0107a da uni\u0161ti narod i dr\u017eavu","datePublished":"2023-05-25T10:07:42+00:00","dateModified":"2023-06-01T08:50:06+00:00","mainEntityOfPage":{"@id":"https:\/\/gradjanskipreokret.rs\/index.php\/2023\/05\/25\/gradani-su-duzni-da-sprece-aleksandra-vucica-da-unisti-narod-i-drzavu\/"},"wordCount":914,"publisher":{"@id":"https:\/\/gradjanskipreokret.rs\/#organization"},"image":{"@id":"https:\/\/gradjanskipreokret.rs\/index.php\/2023\/05\/25\/gradani-su-duzni-da-sprece-aleksandra-vucica-da-unisti-narod-i-drzavu\/#primaryimage"},"thumbnailUrl":"https:\/\/gradjanskipreokret.rs\/wp-content\/uploads\/2023\/05\/Fw6UzasXgAAvgtt.jpg","articleSection":["Arhiva","Mi\u0161ljenja"],"inLanguage":"en-US"},{"@type":"WebPage","@id":"https:\/\/gradjanskipreokret.rs\/index.php\/2023\/05\/25\/gradani-su-duzni-da-sprece-aleksandra-vucica-da-unisti-narod-i-drzavu\/","url":"https:\/\/gradjanskipreokret.rs\/index.php\/2023\/05\/25\/gradani-su-duzni-da-sprece-aleksandra-vucica-da-unisti-narod-i-drzavu\/","name":"Gra\u0111ani su du\u017eni da spre\u010de Aleksandra Vu\u010di\u0107a da uni\u0161ti narod i dr\u017eavu - Gra\u0111anski preokret","isPartOf":{"@id":"https:\/\/gradjanskipreokret.rs\/#website"},"primaryImageOfPage":{"@id":"https:\/\/gradjanskipreokret.rs\/index.php\/2023\/05\/25\/gradani-su-duzni-da-sprece-aleksandra-vucica-da-unisti-narod-i-drzavu\/#primaryimage"},"image":{"@id":"https:\/\/gradjanskipreokret.rs\/index.php\/2023\/05\/25\/gradani-su-duzni-da-sprece-aleksandra-vucica-da-unisti-narod-i-drzavu\/#primaryimage"},"thumbnailUrl":"https:\/\/gradjanskipreokret.rs\/wp-content\/uploads\/2023\/05\/Fw6UzasXgAAvgtt.jpg","datePublished":"2023-05-25T10:07:42+00:00","dateModified":"2023-06-01T08:50:06+00:00","breadcrumb":{"@id":"https:\/\/gradjanskipreokret.rs\/index.php\/2023\/05\/25\/gradani-su-duzni-da-sprece-aleksandra-vucica-da-unisti-narod-i-drzavu\/#breadcrumb"},"inLanguage":"en-US","potentialAction":[{"@type":"ReadAction","target":["https:\/\/gradjanskipreokret.rs\/index.php\/2023\/05\/25\/gradani-su-duzni-da-sprece-aleksandra-vucica-da-unisti-narod-i-drzavu\/"]}]},{"@type":"ImageObject","inLanguage":"en-US","@id":"https:\/\/gradjanskipreokret.rs\/index.php\/2023\/05\/25\/gradani-su-duzni-da-sprece-aleksandra-vucica-da-unisti-narod-i-drzavu\/#primaryimage","url":"https:\/\/gradjanskipreokret.rs\/wp-content\/uploads\/2023\/05\/Fw6UzasXgAAvgtt.jpg","contentUrl":"https:\/\/gradjanskipreokret.rs\/wp-content\/uploads\/2023\/05\/Fw6UzasXgAAvgtt.jpg","width":1600,"height":901},{"@type":"BreadcrumbList","@id":"https:\/\/gradjanskipreokret.rs\/index.php\/2023\/05\/25\/gradani-su-duzni-da-sprece-aleksandra-vucica-da-unisti-narod-i-drzavu\/#breadcrumb","itemListElement":[{"@type":"ListItem","position":1,"name":"Home","item":"https:\/\/gradjanskipreokret.rs\/"},{"@type":"ListItem","position":2,"name":"Gra\u0111ani su du\u017eni da spre\u010de Aleksandra Vu\u010di\u0107a da uni\u0161ti narod i dr\u017eavu"}]},{"@type":"WebSite","@id":"https:\/\/gradjanskipreokret.rs\/#website","url":"https:\/\/gradjanskipreokret.rs\/","name":"Gra\u0111anski preokret","description":"Gradjanski preokret","publisher":{"@id":"https:\/\/gradjanskipreokret.rs\/#organization"},"potentialAction":[{"@type":"SearchAction","target":{"@type":"EntryPoint","urlTemplate":"https:\/\/gradjanskipreokret.rs\/?s={search_term_string}"},"query-input":{"@type":"PropertyValueSpecification","valueRequired":true,"valueName":"search_term_string"}}],"inLanguage":"en-US"},{"@type":"Organization","@id":"https:\/\/gradjanskipreokret.rs\/#organization","name":"Udru\u017eenje Gra\u0111anski preokret","url":"https:\/\/gradjanskipreokret.rs\/","logo":{"@type":"ImageObject","inLanguage":"en-US","@id":"https:\/\/gradjanskipreokret.rs\/#\/schema\/logo\/image\/","url":"https:\/\/gradjanskipreokret.rs\/wp-content\/uploads\/2019\/03\/FB.png","contentUrl":"https:\/\/gradjanskipreokret.rs\/wp-content\/uploads\/2019\/03\/FB.png","width":773,"height":461,"caption":"Udru\u017eenje Gra\u0111anski preokret"},"image":{"@id":"https:\/\/gradjanskipreokret.rs\/#\/schema\/logo\/image\/"},"sameAs":["https:\/\/www.facebook.com\/gradjanskipreokret\/","https:\/\/x.com\/gpreokret","https:\/\/www.youtube.com\/channel\/UCyEiTcJBTWEFn48AmyxAhsA"]},{"@type":"Person","@id":"https:\/\/gradjanskipreokret.rs\/#\/schema\/person\/0afc6a01a39afb1c9e2df1a5c7d7800d","name":"Gra\u0111anski preokret","image":{"@type":"ImageObject","inLanguage":"en-US","@id":"https:\/\/gradjanskipreokret.rs\/#\/schema\/person\/image\/","url":"https:\/\/secure.gravatar.com\/avatar\/4f775d6a27bef0662bf264239622d14941545c33046ddf7342be24dba39f1270?s=96&d=mm&r=g","contentUrl":"https:\/\/secure.gravatar.com\/avatar\/4f775d6a27bef0662bf264239622d14941545c33046ddf7342be24dba39f1270?s=96&d=mm&r=g","caption":"Gra\u0111anski preokret"},"sameAs":["http:\/\/www.gradjanskipreokret.rs"],"url":"https:\/\/gradjanskipreokret.rs\/index.php\/author\/gradjan1\/"}]}},"_links":{"self":[{"href":"https:\/\/gradjanskipreokret.rs\/index.php\/wp-json\/wp\/v2\/posts\/3687","targetHints":{"allow":["GET"]}}],"collection":[{"href":"https:\/\/gradjanskipreokret.rs\/index.php\/wp-json\/wp\/v2\/posts"}],"about":[{"href":"https:\/\/gradjanskipreokret.rs\/index.php\/wp-json\/wp\/v2\/types\/post"}],"author":[{"embeddable":true,"href":"https:\/\/gradjanskipreokret.rs\/index.php\/wp-json\/wp\/v2\/users\/1"}],"replies":[{"embeddable":true,"href":"https:\/\/gradjanskipreokret.rs\/index.php\/wp-json\/wp\/v2\/comments?post=3687"}],"version-history":[{"count":1,"href":"https:\/\/gradjanskipreokret.rs\/index.php\/wp-json\/wp\/v2\/posts\/3687\/revisions"}],"predecessor-version":[{"id":3689,"href":"https:\/\/gradjanskipreokret.rs\/index.php\/wp-json\/wp\/v2\/posts\/3687\/revisions\/3689"}],"wp:featuredmedia":[{"embeddable":true,"href":"https:\/\/gradjanskipreokret.rs\/index.php\/wp-json\/wp\/v2\/media\/3688"}],"wp:attachment":[{"href":"https:\/\/gradjanskipreokret.rs\/index.php\/wp-json\/wp\/v2\/media?parent=3687"}],"wp:term":[{"taxonomy":"category","embeddable":true,"href":"https:\/\/gradjanskipreokret.rs\/index.php\/wp-json\/wp\/v2\/categories?post=3687"},{"taxonomy":"post_tag","embeddable":true,"href":"https:\/\/gradjanskipreokret.rs\/index.php\/wp-json\/wp\/v2\/tags?post=3687"}],"curies":[{"name":"wp","href":"https:\/\/api.w.org\/{rel}","templated":true}]}}