{"id":3032,"date":"2022-04-02T08:15:00","date_gmt":"2022-04-02T06:15:00","guid":{"rendered":"https:\/\/gradjanskipreokret.rs\/?p=3032"},"modified":"2022-04-02T00:18:10","modified_gmt":"2022-04-01T22:18:10","slug":"klizimo-ka-sve-autoritarnijem-drustvu","status":"publish","type":"post","link":"https:\/\/gradjanskipreokret.rs\/index.php\/2022\/04\/02\/klizimo-ka-sve-autoritarnijem-drustvu\/","title":{"rendered":"KLIZIMO KA SVE AUTORITARNIJEM DRU\u0160TVU"},"content":{"rendered":"\n<p>Gra\u0111ani Bora i Smedereva vrlo dobro znaju kako izgleda spoj kineske prljave tehnologije i nefunkcionisanja srpske vlasti. Zrenjaninci \u0107e u narednom periodu, po po\u010detku proizvodnje gigantske fabrike gume \u201eLinglong\u201c, to tek iskusiti. Kineski kapital nezaustavljivo gazi celim svetom, ali u pore\u0111enju sa zemljama iz okru\u017eenja, \u010dini se da je u Srbiji nai\u0161ao na naro\u010dito plodno tlo.<\/p>\n\n\n\n<p>Sociolog Ivan \u017divkov prime\u0107uje da predsednik Srbije Aleksandar Vu\u010di\u0107 o nema\u010dkim ili francuskim firmama govori kao o partnerima, dok su kineske kompanije i dr\u017eava uvek prijatelji. Svog \u201eprijatelja\u201c kineskog predsednika Si \u0110inpinga Vu\u010di\u0107 je podr\u017eao prisustvom na ovogodi\u0161njim Zimskim olimpijskim igrama u Pekingu, koje su diplomate velikog broja zemalja bojkotovale zbog kr\u0161enja ljudskih prava u Kini.<\/p>\n\n\n\n<p>Srbija se nalazi na novom kineskom putu svile, odnosno globalne incijative \u201ePojas i put\u201c, koja je na\u010din za Kinu da se fizi\u010dki pove\u017ee sa Evropom kroz svoje infrastrukturne projekte. Srbija je ovoj azijskoj sili atraktivna zbog svojih institucionalnih veza sa EU, ali istovremeno i zbog izostanka jakih mehanizma koju mogu da blokiraju projekte, kako je re\u010deno na nedavnoj konferenciji o uticaju Kine u Jugoisto\u010dnoj Evropi.<\/p>\n\n\n\n<p>U vezi sa time, Ivan \u017divkov podse\u0107a da ameri\u010dke kompanije \u201eJu-Es-Stil\u201c i \u201eEsmark\u201c nisu videle interes u vo\u0111enju smederevske \u017eelezare, \u0161to nije slu\u010daj sa kineskom \u201eHBIS grupom\u201c, koja ve\u0107 \u0161est godina upravlja ovim postrojenjem, na\u010diniv\u0161i ga jednim od najve\u0107ih srpskih izvoznika, \u0161to joj uspeva izme\u0111u ostalog i zbog toga \u0161to joj se toleri\u0161e kr\u0161enje ekolo\u0161kih standarda.<\/p>\n\n\n\n<p>Nije slu\u010dajno to \u0161to Srbija nije naro\u010dito atraktivna za kapitaliste sa Zapada, navodi sociolog Jovo Baki\u0107, podse\u0107aju\u0107i da na na\u0161im prostorima nikada nije poslovala nijedna britanska banka. Osim toga, slu\u010daj smederevske \u017eelezare pokazuje i to da je jedna svetska sila na zalasku, a druga u usponu, navodi on.<\/p>\n\n\n\n<p>\u2013 Jedna se povla\u010di na sigurne pozicije, a druga ima kapitala toliko da mo\u017ee njime da osvaja, kao \u0161to su i Britanci svojevremeno izvozili kapital u Indiju. U pitanju je ekspanzivni kineski imperijalizam koji nema veze sa komunizmom i socijalizmom. To je kapitalizam dr\u017eavnoga tipa. Kina prodire svuda \u2013 obja\u0161njava sociolog.<\/p>\n\n\n\n<p>Pri tom, treba imati u vidu da je Kina sila u usponu koja nije vo\u0111ena isklju\u010divo komercijalnim, trenutnim kalkulacijama, napominje politikolog Miroslav Samard\u017ei\u0107. Prema njegovim re\u010dima, kineske kompanije, za razliku od zapadnih, spremne su da u\u0111u u neki riskantan posao koji im ne donosi trenutnu zaradu kako bi na dugi rok osvojile tr\u017ei\u0161te.<\/p>\n\n\n\n<p>Na\u0161a zemlja, pozicionirana na periferiji svetskog kapitalisti\u010dkog sistea, kolonija je svih imperija, a u ovom trenutku Kina ima najbolje akcije na kolonijalnom tr\u017ei\u0161tu, smatra Baki\u0107.<\/p>\n\n\n\n<p>\u2013 Mi smo mali i to je sve \u0161to je na\u0161 autoritarni vlastodr\u017eac nau\u010dio od Milo\u0161evi\u0107a \u2013 da ne sme da se suprotstavlja velikima. Daje resurse kapitalistima, a Kinezi su trenutno najspremniji da ulo\u017ee novac. Mi smo samo mali \u0161raf u njihovom osvajanju \u2013 isti\u010de on, dodav\u0161i da je stekao utisak i da je ovda\u0161nje stanovni\u0161tvo spremno da u\u0111e u aran\u017emane eksploatacije po kojima funkcioni\u0161e kineska radna snaga.<\/p>\n\n\n\n<p>\u2013 Ona je navikla da bude poslu\u0161na i da izvr\u0161ava. Vo\u0111ena konfu\u010dijanskom radnom etikom, sklona je napornom i vrednom radu. Vredan rad po sebi nije lo\u0161, ali jeste lo\u0161e ako dopu\u0161tate poslodavcu da se i\u017eivljava nad vama radi sopstvenog profita. Trenutno gra\u0111ani Srbije rade najvi\u0161e u Evropi, a o sebi imamo mi\u0161ljenje da smo lenji \u2013 konstatuje Jovo Baki\u0107.<\/p>\n\n\n\n<figure class=\"wp-block-image size-full\"><img loading=\"lazy\" decoding=\"async\" width=\"980\" height=\"654\" src=\"https:\/\/gradjanskipreokret.rs\/wp-content\/uploads\/2022\/04\/dr-nemanja-zvijer.jpg\" alt=\"\" class=\"wp-image-3033\" srcset=\"https:\/\/gradjanskipreokret.rs\/wp-content\/uploads\/2022\/04\/dr-nemanja-zvijer.jpg 980w, https:\/\/gradjanskipreokret.rs\/wp-content\/uploads\/2022\/04\/dr-nemanja-zvijer-300x200.jpg 300w, https:\/\/gradjanskipreokret.rs\/wp-content\/uploads\/2022\/04\/dr-nemanja-zvijer-768x513.jpg 768w, https:\/\/gradjanskipreokret.rs\/wp-content\/uploads\/2022\/04\/dr-nemanja-zvijer-120x80.jpg 120w\" sizes=\"auto, (max-width: 980px) 100vw, 980px\" \/><figcaption>Dr Nemanja Zvijer, sociolog, na tribini Gra\u0111anskog preokreta<\/figcaption><\/figure>\n\n\n\n<p>SUSPENDOVANE SLOBODE I RAST KSENOFOBIJE<\/p>\n\n\n\n<p>Jo\u0161 2009. godine tada\u0161nji predsednik Srbije Boris Tadi\u0107 proglasio je saradnju sa Kinom jednom od \u010detiri stuba srpske spoljne politike. Miroslav Samard\u017ei\u0107 napominje da Vu\u010di\u0107, kao i njegovi prethodnici, tra\u017ei oslonac u nekoj velikoj sili koja \u0107e mu omogu\u0107iti da ne uradi ono zbog \u010dega je doveden na vlast \u2013 da ote\u017ee oko Kosova.<\/p>\n\n\n\n<p>\u2013 Tu ima podr\u0161ku Kine kojoj zbog raznih unutra\u0161njih razloga odgovara takav tobo\u017ee principijelan stav da se ne komada teritorija neke dr\u017eave \u2013 navodi Samard\u017ei\u0107.<\/p>\n\n\n\n<p>Zbog sve ve\u0107eg uticaja Kine u Srbiji, poslanici Evropskog parlamenta izrazili su zabrinutost u Rezoluciji usvojenoj decembra pro\u0161le godine, kada su pozvali ovda\u0161nje vlasti da istra\u017ee tretman vijetnamskih radnika na gradili\u0161tu fabrike \u201eLinglong\u201c, kao i da oja\u010daju zakonske standarde za kineske poslovne aktivnosti. Osim toga, treba podsetiti da je Srbija 2020. dala podr\u0161ku Pekingu u delovanju protiv demonstranata u Hongkongu, kao i da je iste godine potpisala deklaraciju kojom se kr\u0161enje ljudskih i manjinskih prava Ujgura u kineskoj pokrajini Sin\u0111ijang defini\u0161e kao \u201eborba protiv terorizma i ekstremizma\u201c.<\/p>\n\n\n\n<p>Vo\u0111enje politike koja se razilazi od odluka zapadnih zemalja mo\u017ee doneti probleme kada je u pitanju napredak Srbije ka \u010dlanstvu u EU. Uz to, vezivanje za Kinu doprine\u0107e jo\u0161 ve\u0107em zatvaranju srpskog dru\u0161tva, u kojem gra\u0111ani postaju podanici, smatra sociolog Nemanja Zvijer.<\/p>\n\n\n\n<p>\u2013 Kako sada stvari stoje, \u010dini mi se da izvesno klizimo ka jo\u0161 rigidnijem, zatvorenijem sistemu, koji \u0107e jo\u0161 vi\u0161e suspendovati slobode gra\u0111ana na ra\u010dun interesa \u2013 komercijalnih, politi\u010dkih i drugih \u2013 navodi on.<\/p>\n\n\n\n<p>Napominje i to da \u0107e nastavak dolaska kineskih radnika, koji su ve\u0107 anga\u017eovani u borskom rudniku, smederevskoj \u017eelezari i zrenjaninskom \u201eLinglongu\u201c, verovatno doprineti i pove\u0107anju ksenofobije i rasizma u Srbiji. To su iskustva drugih zemalja kada je u pitanju radni\u010dka imigracija. Osim toga, desni\u010darske ideologije, naro\u010dito prisutne na ovim prostorima, hrane se narativom o zlim strancima koji uzimaju na\u0161a radna mesta, isti\u010de Nemanja Zvijer.<\/p>\n\n\n\n<p><em>Politi\u010dki uticaj Kine na Srbiju bila je tema <\/em><a href=\"https:\/\/gradjanskipreokret.rs\/index.php\/2022\/03\/30\/srbija-je-pod-kolonizacijom-i-ekonomskom-okupacijom\/\" target=\"_blank\" rel=\"noreferrer noopener\"><em>tribine Gra\u0111anskog preokreta<\/em><\/a><em> odr\u017eane 29. marta u Zrenjaninu<\/em><\/p>\n\n\n\n<p class=\"has-text-align-right\">Nata\u0161a Stojkov<br><a href=\"https:\/\/www.zrenjaninski.com\/ekonomija\/sociolozi-upozoravaju-klizimo-ka-sve-autoritarnijem-drustvu\/\" target=\"_blank\" rel=\"noreferrer noopener\">preuzeto sa portala &#8220;zrenjaninski&#8221;<\/a><\/p>\n","protected":false},"excerpt":{"rendered":"<p>Gra\u0111ani Bora i Smedereva vrlo dobro znaju kako izgleda spoj kineske prljave tehnologije i nefunkcionisanja srpske vlasti. Zrenjaninci \u0107e u<\/p>\n","protected":false},"author":1,"featured_media":3033,"comment_status":"closed","ping_status":"open","sticky":false,"template":"","format":"standard","meta":{"footnotes":""},"categories":[14,15,12],"tags":[94],"class_list":["post-3032","post","type-post","status-publish","format-standard","has-post-thumbnail","hentry","category-arhiva","category-fabrika-guma","category-prenosimo","tag-kineska-udica"],"yoast_head":"<!-- This site is optimized with the Yoast SEO plugin v26.3 - https:\/\/yoast.com\/wordpress\/plugins\/seo\/ -->\n<title>KLIZIMO KA SVE AUTORITARNIJEM DRU\u0160TVU - Gra\u0111anski preokret<\/title>\n<meta name=\"robots\" content=\"index, follow, max-snippet:-1, max-image-preview:large, max-video-preview:-1\" \/>\n<link rel=\"canonical\" href=\"https:\/\/gradjanskipreokret.rs\/index.php\/2022\/04\/02\/klizimo-ka-sve-autoritarnijem-drustvu\/\" \/>\n<meta property=\"og:locale\" content=\"en_US\" \/>\n<meta property=\"og:type\" content=\"article\" \/>\n<meta property=\"og:title\" content=\"KLIZIMO KA SVE AUTORITARNIJEM DRU\u0160TVU - Gra\u0111anski preokret\" \/>\n<meta property=\"og:description\" content=\"Gra\u0111ani Bora i Smedereva vrlo dobro znaju kako izgleda spoj kineske prljave tehnologije i nefunkcionisanja srpske vlasti. Zrenjaninci \u0107e u\" \/>\n<meta property=\"og:url\" content=\"https:\/\/gradjanskipreokret.rs\/index.php\/2022\/04\/02\/klizimo-ka-sve-autoritarnijem-drustvu\/\" \/>\n<meta property=\"og:site_name\" content=\"Gra\u0111anski preokret\" \/>\n<meta property=\"article:publisher\" content=\"https:\/\/www.facebook.com\/gradjanskipreokret\/\" \/>\n<meta property=\"article:published_time\" content=\"2022-04-02T06:15:00+00:00\" \/>\n<meta property=\"og:image\" content=\"https:\/\/gradjanskipreokret.rs\/wp-content\/uploads\/2022\/04\/dr-nemanja-zvijer.jpg\" \/>\n\t<meta property=\"og:image:width\" content=\"980\" \/>\n\t<meta property=\"og:image:height\" content=\"654\" \/>\n\t<meta property=\"og:image:type\" content=\"image\/jpeg\" \/>\n<meta name=\"author\" content=\"Gra\u0111anski preokret\" \/>\n<meta name=\"twitter:card\" content=\"summary_large_image\" \/>\n<meta name=\"twitter:creator\" content=\"@gpreokret\" \/>\n<meta name=\"twitter:site\" content=\"@gpreokret\" \/>\n<meta name=\"twitter:label1\" content=\"Written by\" \/>\n\t<meta name=\"twitter:data1\" content=\"Gra\u0111anski preokret\" \/>\n\t<meta name=\"twitter:label2\" content=\"Est. reading time\" \/>\n\t<meta name=\"twitter:data2\" content=\"4 minutes\" \/>\n<script type=\"application\/ld+json\" class=\"yoast-schema-graph\">{\"@context\":\"https:\/\/schema.org\",\"@graph\":[{\"@type\":\"Article\",\"@id\":\"https:\/\/gradjanskipreokret.rs\/index.php\/2022\/04\/02\/klizimo-ka-sve-autoritarnijem-drustvu\/#article\",\"isPartOf\":{\"@id\":\"https:\/\/gradjanskipreokret.rs\/index.php\/2022\/04\/02\/klizimo-ka-sve-autoritarnijem-drustvu\/\"},\"author\":{\"name\":\"Gra\u0111anski preokret\",\"@id\":\"https:\/\/gradjanskipreokret.rs\/#\/schema\/person\/0afc6a01a39afb1c9e2df1a5c7d7800d\"},\"headline\":\"KLIZIMO KA SVE AUTORITARNIJEM DRU\u0160TVU\",\"datePublished\":\"2022-04-02T06:15:00+00:00\",\"mainEntityOfPage\":{\"@id\":\"https:\/\/gradjanskipreokret.rs\/index.php\/2022\/04\/02\/klizimo-ka-sve-autoritarnijem-drustvu\/\"},\"wordCount\":984,\"publisher\":{\"@id\":\"https:\/\/gradjanskipreokret.rs\/#organization\"},\"image\":{\"@id\":\"https:\/\/gradjanskipreokret.rs\/index.php\/2022\/04\/02\/klizimo-ka-sve-autoritarnijem-drustvu\/#primaryimage\"},\"thumbnailUrl\":\"https:\/\/gradjanskipreokret.rs\/wp-content\/uploads\/2022\/04\/dr-nemanja-zvijer.jpg\",\"keywords\":[\"Kineska udica\"],\"articleSection\":[\"Arhiva\",\"Fabrika guma\",\"PRENOSIMO\"],\"inLanguage\":\"en-US\"},{\"@type\":\"WebPage\",\"@id\":\"https:\/\/gradjanskipreokret.rs\/index.php\/2022\/04\/02\/klizimo-ka-sve-autoritarnijem-drustvu\/\",\"url\":\"https:\/\/gradjanskipreokret.rs\/index.php\/2022\/04\/02\/klizimo-ka-sve-autoritarnijem-drustvu\/\",\"name\":\"KLIZIMO KA SVE AUTORITARNIJEM DRU\u0160TVU - Gra\u0111anski preokret\",\"isPartOf\":{\"@id\":\"https:\/\/gradjanskipreokret.rs\/#website\"},\"primaryImageOfPage\":{\"@id\":\"https:\/\/gradjanskipreokret.rs\/index.php\/2022\/04\/02\/klizimo-ka-sve-autoritarnijem-drustvu\/#primaryimage\"},\"image\":{\"@id\":\"https:\/\/gradjanskipreokret.rs\/index.php\/2022\/04\/02\/klizimo-ka-sve-autoritarnijem-drustvu\/#primaryimage\"},\"thumbnailUrl\":\"https:\/\/gradjanskipreokret.rs\/wp-content\/uploads\/2022\/04\/dr-nemanja-zvijer.jpg\",\"datePublished\":\"2022-04-02T06:15:00+00:00\",\"breadcrumb\":{\"@id\":\"https:\/\/gradjanskipreokret.rs\/index.php\/2022\/04\/02\/klizimo-ka-sve-autoritarnijem-drustvu\/#breadcrumb\"},\"inLanguage\":\"en-US\",\"potentialAction\":[{\"@type\":\"ReadAction\",\"target\":[\"https:\/\/gradjanskipreokret.rs\/index.php\/2022\/04\/02\/klizimo-ka-sve-autoritarnijem-drustvu\/\"]}]},{\"@type\":\"ImageObject\",\"inLanguage\":\"en-US\",\"@id\":\"https:\/\/gradjanskipreokret.rs\/index.php\/2022\/04\/02\/klizimo-ka-sve-autoritarnijem-drustvu\/#primaryimage\",\"url\":\"https:\/\/gradjanskipreokret.rs\/wp-content\/uploads\/2022\/04\/dr-nemanja-zvijer.jpg\",\"contentUrl\":\"https:\/\/gradjanskipreokret.rs\/wp-content\/uploads\/2022\/04\/dr-nemanja-zvijer.jpg\",\"width\":980,\"height\":654},{\"@type\":\"BreadcrumbList\",\"@id\":\"https:\/\/gradjanskipreokret.rs\/index.php\/2022\/04\/02\/klizimo-ka-sve-autoritarnijem-drustvu\/#breadcrumb\",\"itemListElement\":[{\"@type\":\"ListItem\",\"position\":1,\"name\":\"Home\",\"item\":\"https:\/\/gradjanskipreokret.rs\/\"},{\"@type\":\"ListItem\",\"position\":2,\"name\":\"KLIZIMO KA SVE AUTORITARNIJEM DRU\u0160TVU\"}]},{\"@type\":\"WebSite\",\"@id\":\"https:\/\/gradjanskipreokret.rs\/#website\",\"url\":\"https:\/\/gradjanskipreokret.rs\/\",\"name\":\"Gra\u0111anski preokret\",\"description\":\"Gradjanski preokret\",\"publisher\":{\"@id\":\"https:\/\/gradjanskipreokret.rs\/#organization\"},\"potentialAction\":[{\"@type\":\"SearchAction\",\"target\":{\"@type\":\"EntryPoint\",\"urlTemplate\":\"https:\/\/gradjanskipreokret.rs\/?s={search_term_string}\"},\"query-input\":{\"@type\":\"PropertyValueSpecification\",\"valueRequired\":true,\"valueName\":\"search_term_string\"}}],\"inLanguage\":\"en-US\"},{\"@type\":\"Organization\",\"@id\":\"https:\/\/gradjanskipreokret.rs\/#organization\",\"name\":\"Udru\u017eenje Gra\u0111anski preokret\",\"url\":\"https:\/\/gradjanskipreokret.rs\/\",\"logo\":{\"@type\":\"ImageObject\",\"inLanguage\":\"en-US\",\"@id\":\"https:\/\/gradjanskipreokret.rs\/#\/schema\/logo\/image\/\",\"url\":\"https:\/\/gradjanskipreokret.rs\/wp-content\/uploads\/2019\/03\/FB.png\",\"contentUrl\":\"https:\/\/gradjanskipreokret.rs\/wp-content\/uploads\/2019\/03\/FB.png\",\"width\":773,\"height\":461,\"caption\":\"Udru\u017eenje Gra\u0111anski preokret\"},\"image\":{\"@id\":\"https:\/\/gradjanskipreokret.rs\/#\/schema\/logo\/image\/\"},\"sameAs\":[\"https:\/\/www.facebook.com\/gradjanskipreokret\/\",\"https:\/\/x.com\/gpreokret\",\"https:\/\/www.youtube.com\/channel\/UCyEiTcJBTWEFn48AmyxAhsA\"]},{\"@type\":\"Person\",\"@id\":\"https:\/\/gradjanskipreokret.rs\/#\/schema\/person\/0afc6a01a39afb1c9e2df1a5c7d7800d\",\"name\":\"Gra\u0111anski preokret\",\"image\":{\"@type\":\"ImageObject\",\"inLanguage\":\"en-US\",\"@id\":\"https:\/\/gradjanskipreokret.rs\/#\/schema\/person\/image\/\",\"url\":\"https:\/\/secure.gravatar.com\/avatar\/4f775d6a27bef0662bf264239622d14941545c33046ddf7342be24dba39f1270?s=96&d=mm&r=g\",\"contentUrl\":\"https:\/\/secure.gravatar.com\/avatar\/4f775d6a27bef0662bf264239622d14941545c33046ddf7342be24dba39f1270?s=96&d=mm&r=g\",\"caption\":\"Gra\u0111anski preokret\"},\"sameAs\":[\"http:\/\/www.gradjanskipreokret.rs\"],\"url\":\"https:\/\/gradjanskipreokret.rs\/index.php\/author\/gradjan1\/\"}]}<\/script>\n<!-- \/ Yoast SEO plugin. -->","yoast_head_json":{"title":"KLIZIMO KA SVE AUTORITARNIJEM DRU\u0160TVU - Gra\u0111anski preokret","robots":{"index":"index","follow":"follow","max-snippet":"max-snippet:-1","max-image-preview":"max-image-preview:large","max-video-preview":"max-video-preview:-1"},"canonical":"https:\/\/gradjanskipreokret.rs\/index.php\/2022\/04\/02\/klizimo-ka-sve-autoritarnijem-drustvu\/","og_locale":"en_US","og_type":"article","og_title":"KLIZIMO KA SVE AUTORITARNIJEM DRU\u0160TVU - Gra\u0111anski preokret","og_description":"Gra\u0111ani Bora i Smedereva vrlo dobro znaju kako izgleda spoj kineske prljave tehnologije i nefunkcionisanja srpske vlasti. Zrenjaninci \u0107e u","og_url":"https:\/\/gradjanskipreokret.rs\/index.php\/2022\/04\/02\/klizimo-ka-sve-autoritarnijem-drustvu\/","og_site_name":"Gra\u0111anski preokret","article_publisher":"https:\/\/www.facebook.com\/gradjanskipreokret\/","article_published_time":"2022-04-02T06:15:00+00:00","og_image":[{"width":980,"height":654,"url":"https:\/\/gradjanskipreokret.rs\/wp-content\/uploads\/2022\/04\/dr-nemanja-zvijer.jpg","type":"image\/jpeg"}],"author":"Gra\u0111anski preokret","twitter_card":"summary_large_image","twitter_creator":"@gpreokret","twitter_site":"@gpreokret","twitter_misc":{"Written by":"Gra\u0111anski preokret","Est. reading time":"4 minutes"},"schema":{"@context":"https:\/\/schema.org","@graph":[{"@type":"Article","@id":"https:\/\/gradjanskipreokret.rs\/index.php\/2022\/04\/02\/klizimo-ka-sve-autoritarnijem-drustvu\/#article","isPartOf":{"@id":"https:\/\/gradjanskipreokret.rs\/index.php\/2022\/04\/02\/klizimo-ka-sve-autoritarnijem-drustvu\/"},"author":{"name":"Gra\u0111anski preokret","@id":"https:\/\/gradjanskipreokret.rs\/#\/schema\/person\/0afc6a01a39afb1c9e2df1a5c7d7800d"},"headline":"KLIZIMO KA SVE AUTORITARNIJEM DRU\u0160TVU","datePublished":"2022-04-02T06:15:00+00:00","mainEntityOfPage":{"@id":"https:\/\/gradjanskipreokret.rs\/index.php\/2022\/04\/02\/klizimo-ka-sve-autoritarnijem-drustvu\/"},"wordCount":984,"publisher":{"@id":"https:\/\/gradjanskipreokret.rs\/#organization"},"image":{"@id":"https:\/\/gradjanskipreokret.rs\/index.php\/2022\/04\/02\/klizimo-ka-sve-autoritarnijem-drustvu\/#primaryimage"},"thumbnailUrl":"https:\/\/gradjanskipreokret.rs\/wp-content\/uploads\/2022\/04\/dr-nemanja-zvijer.jpg","keywords":["Kineska udica"],"articleSection":["Arhiva","Fabrika guma","PRENOSIMO"],"inLanguage":"en-US"},{"@type":"WebPage","@id":"https:\/\/gradjanskipreokret.rs\/index.php\/2022\/04\/02\/klizimo-ka-sve-autoritarnijem-drustvu\/","url":"https:\/\/gradjanskipreokret.rs\/index.php\/2022\/04\/02\/klizimo-ka-sve-autoritarnijem-drustvu\/","name":"KLIZIMO KA SVE AUTORITARNIJEM DRU\u0160TVU - Gra\u0111anski preokret","isPartOf":{"@id":"https:\/\/gradjanskipreokret.rs\/#website"},"primaryImageOfPage":{"@id":"https:\/\/gradjanskipreokret.rs\/index.php\/2022\/04\/02\/klizimo-ka-sve-autoritarnijem-drustvu\/#primaryimage"},"image":{"@id":"https:\/\/gradjanskipreokret.rs\/index.php\/2022\/04\/02\/klizimo-ka-sve-autoritarnijem-drustvu\/#primaryimage"},"thumbnailUrl":"https:\/\/gradjanskipreokret.rs\/wp-content\/uploads\/2022\/04\/dr-nemanja-zvijer.jpg","datePublished":"2022-04-02T06:15:00+00:00","breadcrumb":{"@id":"https:\/\/gradjanskipreokret.rs\/index.php\/2022\/04\/02\/klizimo-ka-sve-autoritarnijem-drustvu\/#breadcrumb"},"inLanguage":"en-US","potentialAction":[{"@type":"ReadAction","target":["https:\/\/gradjanskipreokret.rs\/index.php\/2022\/04\/02\/klizimo-ka-sve-autoritarnijem-drustvu\/"]}]},{"@type":"ImageObject","inLanguage":"en-US","@id":"https:\/\/gradjanskipreokret.rs\/index.php\/2022\/04\/02\/klizimo-ka-sve-autoritarnijem-drustvu\/#primaryimage","url":"https:\/\/gradjanskipreokret.rs\/wp-content\/uploads\/2022\/04\/dr-nemanja-zvijer.jpg","contentUrl":"https:\/\/gradjanskipreokret.rs\/wp-content\/uploads\/2022\/04\/dr-nemanja-zvijer.jpg","width":980,"height":654},{"@type":"BreadcrumbList","@id":"https:\/\/gradjanskipreokret.rs\/index.php\/2022\/04\/02\/klizimo-ka-sve-autoritarnijem-drustvu\/#breadcrumb","itemListElement":[{"@type":"ListItem","position":1,"name":"Home","item":"https:\/\/gradjanskipreokret.rs\/"},{"@type":"ListItem","position":2,"name":"KLIZIMO KA SVE AUTORITARNIJEM DRU\u0160TVU"}]},{"@type":"WebSite","@id":"https:\/\/gradjanskipreokret.rs\/#website","url":"https:\/\/gradjanskipreokret.rs\/","name":"Gra\u0111anski preokret","description":"Gradjanski preokret","publisher":{"@id":"https:\/\/gradjanskipreokret.rs\/#organization"},"potentialAction":[{"@type":"SearchAction","target":{"@type":"EntryPoint","urlTemplate":"https:\/\/gradjanskipreokret.rs\/?s={search_term_string}"},"query-input":{"@type":"PropertyValueSpecification","valueRequired":true,"valueName":"search_term_string"}}],"inLanguage":"en-US"},{"@type":"Organization","@id":"https:\/\/gradjanskipreokret.rs\/#organization","name":"Udru\u017eenje Gra\u0111anski preokret","url":"https:\/\/gradjanskipreokret.rs\/","logo":{"@type":"ImageObject","inLanguage":"en-US","@id":"https:\/\/gradjanskipreokret.rs\/#\/schema\/logo\/image\/","url":"https:\/\/gradjanskipreokret.rs\/wp-content\/uploads\/2019\/03\/FB.png","contentUrl":"https:\/\/gradjanskipreokret.rs\/wp-content\/uploads\/2019\/03\/FB.png","width":773,"height":461,"caption":"Udru\u017eenje Gra\u0111anski preokret"},"image":{"@id":"https:\/\/gradjanskipreokret.rs\/#\/schema\/logo\/image\/"},"sameAs":["https:\/\/www.facebook.com\/gradjanskipreokret\/","https:\/\/x.com\/gpreokret","https:\/\/www.youtube.com\/channel\/UCyEiTcJBTWEFn48AmyxAhsA"]},{"@type":"Person","@id":"https:\/\/gradjanskipreokret.rs\/#\/schema\/person\/0afc6a01a39afb1c9e2df1a5c7d7800d","name":"Gra\u0111anski preokret","image":{"@type":"ImageObject","inLanguage":"en-US","@id":"https:\/\/gradjanskipreokret.rs\/#\/schema\/person\/image\/","url":"https:\/\/secure.gravatar.com\/avatar\/4f775d6a27bef0662bf264239622d14941545c33046ddf7342be24dba39f1270?s=96&d=mm&r=g","contentUrl":"https:\/\/secure.gravatar.com\/avatar\/4f775d6a27bef0662bf264239622d14941545c33046ddf7342be24dba39f1270?s=96&d=mm&r=g","caption":"Gra\u0111anski preokret"},"sameAs":["http:\/\/www.gradjanskipreokret.rs"],"url":"https:\/\/gradjanskipreokret.rs\/index.php\/author\/gradjan1\/"}]}},"_links":{"self":[{"href":"https:\/\/gradjanskipreokret.rs\/index.php\/wp-json\/wp\/v2\/posts\/3032","targetHints":{"allow":["GET"]}}],"collection":[{"href":"https:\/\/gradjanskipreokret.rs\/index.php\/wp-json\/wp\/v2\/posts"}],"about":[{"href":"https:\/\/gradjanskipreokret.rs\/index.php\/wp-json\/wp\/v2\/types\/post"}],"author":[{"embeddable":true,"href":"https:\/\/gradjanskipreokret.rs\/index.php\/wp-json\/wp\/v2\/users\/1"}],"replies":[{"embeddable":true,"href":"https:\/\/gradjanskipreokret.rs\/index.php\/wp-json\/wp\/v2\/comments?post=3032"}],"version-history":[{"count":3,"href":"https:\/\/gradjanskipreokret.rs\/index.php\/wp-json\/wp\/v2\/posts\/3032\/revisions"}],"predecessor-version":[{"id":3037,"href":"https:\/\/gradjanskipreokret.rs\/index.php\/wp-json\/wp\/v2\/posts\/3032\/revisions\/3037"}],"wp:featuredmedia":[{"embeddable":true,"href":"https:\/\/gradjanskipreokret.rs\/index.php\/wp-json\/wp\/v2\/media\/3033"}],"wp:attachment":[{"href":"https:\/\/gradjanskipreokret.rs\/index.php\/wp-json\/wp\/v2\/media?parent=3032"}],"wp:term":[{"taxonomy":"category","embeddable":true,"href":"https:\/\/gradjanskipreokret.rs\/index.php\/wp-json\/wp\/v2\/categories?post=3032"},{"taxonomy":"post_tag","embeddable":true,"href":"https:\/\/gradjanskipreokret.rs\/index.php\/wp-json\/wp\/v2\/tags?post=3032"}],"curies":[{"name":"wp","href":"https:\/\/api.w.org\/{rel}","templated":true}]}}