{"id":2880,"date":"2022-02-19T17:12:40","date_gmt":"2022-02-19T16:12:40","guid":{"rendered":"https:\/\/gradjanskipreokret.rs\/?p=2880"},"modified":"2022-02-19T17:13:26","modified_gmt":"2022-02-19T16:13:26","slug":"odrzana-radionica-o-koriscenju-elektronskih-usluga","status":"publish","type":"post","link":"https:\/\/gradjanskipreokret.rs\/index.php\/2022\/02\/19\/odrzana-radionica-o-koriscenju-elektronskih-usluga\/","title":{"rendered":"Odr\u017eana radionica o kori\u0161\u0107enju elektronskih usluga"},"content":{"rendered":"\n<p>Edukativna radionica o kori\u0161\u0107enju elektronskih usluga od strane gra\u0111ana odr\u017eana je u Zrenjaninu, u sali mesnih zajednica na Baglja\u0161u.<\/p>\n\n\n\n<p>Radionicu je vodila Gordana Predi\u0107, akreditovani predava\u010d Nacionalne akademije za javnu upravu, koja ima vi\u0161egodi\u0161nje iskustvo u oblasti uvo\u0111enja i primene elektronskih usluga.<\/p>\n\n\n\n<figure class=\"wp-block-image size-large font14\"><img loading=\"lazy\" decoding=\"async\" width=\"1024\" height=\"684\" src=\"https:\/\/gradjanskipreokret.rs\/wp-content\/uploads\/2022\/02\/Radionica3-1024x684.jpg\" alt=\"\" class=\"wp-image-2881\" srcset=\"https:\/\/gradjanskipreokret.rs\/wp-content\/uploads\/2022\/02\/Radionica3-1024x684.jpg 1024w, https:\/\/gradjanskipreokret.rs\/wp-content\/uploads\/2022\/02\/Radionica3-300x200.jpg 300w, https:\/\/gradjanskipreokret.rs\/wp-content\/uploads\/2022\/02\/Radionica3-768x513.jpg 768w, https:\/\/gradjanskipreokret.rs\/wp-content\/uploads\/2022\/02\/Radionica3-120x80.jpg 120w, https:\/\/gradjanskipreokret.rs\/wp-content\/uploads\/2022\/02\/Radionica3.jpg 1200w\" sizes=\"auto, (max-width: 1024px) 100vw, 1024px\" \/><figcaption>Gordana Predi\u0107 govori o sertifikatima<\/figcaption><\/figure>\n\n\n\n<p>Prisutni su mogli da nau\u010de kako da se registruju i prijave na Portal eUprava i eZdravlje, kako da izvr\u0161e uvid u podatke dr\u017eavnih institucija, kako da zaka\u017eu izdavanje dokumenata: li\u010dne karte, paso\u0161a ili voza\u010dke dozvole, kako da dobiju kvalifikovani elektronski sertifikat, kako da izvr\u0161e proveru poreskog duga, proveru adrese i drugih katastarskih podataka.<\/p>\n\n\n\n<div class=\"wp-block-image\"><figure class=\"aligncenter size-large\"><img loading=\"lazy\" decoding=\"async\" width=\"1024\" height=\"684\" src=\"https:\/\/gradjanskipreokret.rs\/wp-content\/uploads\/2022\/02\/Radionica5-1024x684.jpg\" alt=\"\" class=\"wp-image-2883\" srcset=\"https:\/\/gradjanskipreokret.rs\/wp-content\/uploads\/2022\/02\/Radionica5-1024x684.jpg 1024w, https:\/\/gradjanskipreokret.rs\/wp-content\/uploads\/2022\/02\/Radionica5-300x200.jpg 300w, https:\/\/gradjanskipreokret.rs\/wp-content\/uploads\/2022\/02\/Radionica5-768x513.jpg 768w, https:\/\/gradjanskipreokret.rs\/wp-content\/uploads\/2022\/02\/Radionica5-120x80.jpg 120w, https:\/\/gradjanskipreokret.rs\/wp-content\/uploads\/2022\/02\/Radionica5.jpg 1200w\" sizes=\"auto, (max-width: 1024px) 100vw, 1024px\" \/><\/figure><\/div>\n\n\n\n<p>Bilo je re\u010di i o portalu javnih nabavki, virtuelnom mati\u010daru i drugim online servisima. Prisutni su prenosili svoja iskustva i probleme u kori\u0161\u0107enju elektronskih servisa, a zajedni\u010dka ocena je da postoji napredak u digitalizaciji javne uprave, ali je on daleko manji od onog \u010dime se hvali dr\u017eavna vlada, i da postoji jo\u0161 mnogo prostora za napredak. <\/p>\n\n\n\n<div class=\"wp-block-image\"><figure class=\"aligncenter size-large\"><img loading=\"lazy\" decoding=\"async\" width=\"1024\" height=\"765\" src=\"https:\/\/gradjanskipreokret.rs\/wp-content\/uploads\/2022\/02\/Radionica2-1024x765.jpg\" alt=\"\" class=\"wp-image-2884\" srcset=\"https:\/\/gradjanskipreokret.rs\/wp-content\/uploads\/2022\/02\/Radionica2-1024x765.jpg 1024w, https:\/\/gradjanskipreokret.rs\/wp-content\/uploads\/2022\/02\/Radionica2-300x224.jpg 300w, https:\/\/gradjanskipreokret.rs\/wp-content\/uploads\/2022\/02\/Radionica2-768x574.jpg 768w, https:\/\/gradjanskipreokret.rs\/wp-content\/uploads\/2022\/02\/Radionica2.jpg 1200w\" sizes=\"auto, (max-width: 1024px) 100vw, 1024px\" \/><\/figure><\/div>\n\n\n\n<p>Miodrag Bogunovi\u0107 je na kraju radionice podsetio na veb aplikaciju <a href=\"http:\/\/aktivnigradjani.rs\" target=\"_blank\" rel=\"noreferrer noopener\">&#8220;Aktivni gra\u0111ani&#8221;<\/a> i pozvao na njeno kori\u0161\u0107enje. <\/p>\n\n\n\n<figure class=\"wp-block-embed aligncenter is-type-video is-provider-youtube wp-block-embed-youtube wp-embed-aspect-16-9 wp-has-aspect-ratio\"><div class=\"wp-block-embed__wrapper\">\n<iframe loading=\"lazy\" title=\"Gordana Predi\u0107 u Zrenjaninu\" width=\"810\" height=\"456\" src=\"https:\/\/www.youtube.com\/embed\/2Hh-Fy2juiI?feature=oembed\" frameborder=\"0\" allow=\"accelerometer; autoplay; clipboard-write; encrypted-media; gyroscope; picture-in-picture\" allowfullscreen><\/iframe>\n<\/div><\/figure>\n","protected":false},"excerpt":{"rendered":"<p>Edukativna radionica o kori\u0161\u0107enju elektronskih usluga od strane gra\u0111ana odr\u017eana je u Zrenjaninu, u sali mesnih zajednica na Baglja\u0161u. Radionicu<\/p>\n","protected":false},"author":1,"featured_media":2882,"comment_status":"closed","ping_status":"open","sticky":false,"template":"","format":"standard","meta":{"footnotes":""},"categories":[63,14,10],"tags":[],"class_list":["post-2880","post","type-post","status-publish","format-standard","has-post-thumbnail","hentry","category-aktivni-gradjani","category-arhiva","category-vesti"],"yoast_head":"<!-- This site is optimized with the Yoast SEO plugin v26.3 - https:\/\/yoast.com\/wordpress\/plugins\/seo\/ -->\n<title>Odr\u017eana radionica o kori\u0161\u0107enju elektronskih usluga - Gra\u0111anski preokret<\/title>\n<meta name=\"robots\" content=\"index, follow, max-snippet:-1, max-image-preview:large, max-video-preview:-1\" \/>\n<link rel=\"canonical\" href=\"https:\/\/gradjanskipreokret.rs\/index.php\/2022\/02\/19\/odrzana-radionica-o-koriscenju-elektronskih-usluga\/\" \/>\n<meta property=\"og:locale\" content=\"en_US\" \/>\n<meta property=\"og:type\" content=\"article\" \/>\n<meta property=\"og:title\" content=\"Odr\u017eana radionica o kori\u0161\u0107enju elektronskih usluga - Gra\u0111anski preokret\" \/>\n<meta property=\"og:description\" content=\"Edukativna radionica o kori\u0161\u0107enju elektronskih usluga od strane gra\u0111ana odr\u017eana je u Zrenjaninu, u sali mesnih zajednica na Baglja\u0161u. Radionicu\" \/>\n<meta property=\"og:url\" content=\"https:\/\/gradjanskipreokret.rs\/index.php\/2022\/02\/19\/odrzana-radionica-o-koriscenju-elektronskih-usluga\/\" \/>\n<meta property=\"og:site_name\" content=\"Gra\u0111anski preokret\" \/>\n<meta property=\"article:publisher\" content=\"https:\/\/www.facebook.com\/gradjanskipreokret\/\" \/>\n<meta property=\"article:published_time\" content=\"2022-02-19T16:12:40+00:00\" \/>\n<meta property=\"article:modified_time\" content=\"2022-02-19T16:13:26+00:00\" \/>\n<meta property=\"og:image\" content=\"https:\/\/gradjanskipreokret.rs\/wp-content\/uploads\/2022\/02\/Radionica1.jpg\" \/>\n\t<meta property=\"og:image:width\" content=\"1200\" \/>\n\t<meta property=\"og:image:height\" content=\"812\" \/>\n\t<meta property=\"og:image:type\" content=\"image\/jpeg\" \/>\n<meta name=\"author\" content=\"Gra\u0111anski preokret\" \/>\n<meta name=\"twitter:card\" content=\"summary_large_image\" \/>\n<meta name=\"twitter:creator\" content=\"@gpreokret\" \/>\n<meta name=\"twitter:site\" content=\"@gpreokret\" \/>\n<meta name=\"twitter:label1\" content=\"Written by\" \/>\n\t<meta name=\"twitter:data1\" content=\"Gra\u0111anski preokret\" \/>\n\t<meta name=\"twitter:label2\" content=\"Est. reading time\" \/>\n\t<meta name=\"twitter:data2\" content=\"2 minutes\" \/>\n<script type=\"application\/ld+json\" class=\"yoast-schema-graph\">{\"@context\":\"https:\/\/schema.org\",\"@graph\":[{\"@type\":\"Article\",\"@id\":\"https:\/\/gradjanskipreokret.rs\/index.php\/2022\/02\/19\/odrzana-radionica-o-koriscenju-elektronskih-usluga\/#article\",\"isPartOf\":{\"@id\":\"https:\/\/gradjanskipreokret.rs\/index.php\/2022\/02\/19\/odrzana-radionica-o-koriscenju-elektronskih-usluga\/\"},\"author\":{\"name\":\"Gra\u0111anski preokret\",\"@id\":\"https:\/\/gradjanskipreokret.rs\/#\/schema\/person\/0afc6a01a39afb1c9e2df1a5c7d7800d\"},\"headline\":\"Odr\u017eana radionica o kori\u0161\u0107enju elektronskih usluga\",\"datePublished\":\"2022-02-19T16:12:40+00:00\",\"dateModified\":\"2022-02-19T16:13:26+00:00\",\"mainEntityOfPage\":{\"@id\":\"https:\/\/gradjanskipreokret.rs\/index.php\/2022\/02\/19\/odrzana-radionica-o-koriscenju-elektronskih-usluga\/\"},\"wordCount\":208,\"publisher\":{\"@id\":\"https:\/\/gradjanskipreokret.rs\/#organization\"},\"image\":{\"@id\":\"https:\/\/gradjanskipreokret.rs\/index.php\/2022\/02\/19\/odrzana-radionica-o-koriscenju-elektronskih-usluga\/#primaryimage\"},\"thumbnailUrl\":\"https:\/\/gradjanskipreokret.rs\/wp-content\/uploads\/2022\/02\/Radionica1.jpg\",\"articleSection\":[\"Aktivni gra\u0111ani\",\"Arhiva\",\"Vesti\"],\"inLanguage\":\"en-US\"},{\"@type\":\"WebPage\",\"@id\":\"https:\/\/gradjanskipreokret.rs\/index.php\/2022\/02\/19\/odrzana-radionica-o-koriscenju-elektronskih-usluga\/\",\"url\":\"https:\/\/gradjanskipreokret.rs\/index.php\/2022\/02\/19\/odrzana-radionica-o-koriscenju-elektronskih-usluga\/\",\"name\":\"Odr\u017eana radionica o kori\u0161\u0107enju elektronskih usluga - Gra\u0111anski preokret\",\"isPartOf\":{\"@id\":\"https:\/\/gradjanskipreokret.rs\/#website\"},\"primaryImageOfPage\":{\"@id\":\"https:\/\/gradjanskipreokret.rs\/index.php\/2022\/02\/19\/odrzana-radionica-o-koriscenju-elektronskih-usluga\/#primaryimage\"},\"image\":{\"@id\":\"https:\/\/gradjanskipreokret.rs\/index.php\/2022\/02\/19\/odrzana-radionica-o-koriscenju-elektronskih-usluga\/#primaryimage\"},\"thumbnailUrl\":\"https:\/\/gradjanskipreokret.rs\/wp-content\/uploads\/2022\/02\/Radionica1.jpg\",\"datePublished\":\"2022-02-19T16:12:40+00:00\",\"dateModified\":\"2022-02-19T16:13:26+00:00\",\"breadcrumb\":{\"@id\":\"https:\/\/gradjanskipreokret.rs\/index.php\/2022\/02\/19\/odrzana-radionica-o-koriscenju-elektronskih-usluga\/#breadcrumb\"},\"inLanguage\":\"en-US\",\"potentialAction\":[{\"@type\":\"ReadAction\",\"target\":[\"https:\/\/gradjanskipreokret.rs\/index.php\/2022\/02\/19\/odrzana-radionica-o-koriscenju-elektronskih-usluga\/\"]}]},{\"@type\":\"ImageObject\",\"inLanguage\":\"en-US\",\"@id\":\"https:\/\/gradjanskipreokret.rs\/index.php\/2022\/02\/19\/odrzana-radionica-o-koriscenju-elektronskih-usluga\/#primaryimage\",\"url\":\"https:\/\/gradjanskipreokret.rs\/wp-content\/uploads\/2022\/02\/Radionica1.jpg\",\"contentUrl\":\"https:\/\/gradjanskipreokret.rs\/wp-content\/uploads\/2022\/02\/Radionica1.jpg\",\"width\":1200,\"height\":812},{\"@type\":\"BreadcrumbList\",\"@id\":\"https:\/\/gradjanskipreokret.rs\/index.php\/2022\/02\/19\/odrzana-radionica-o-koriscenju-elektronskih-usluga\/#breadcrumb\",\"itemListElement\":[{\"@type\":\"ListItem\",\"position\":1,\"name\":\"Home\",\"item\":\"https:\/\/gradjanskipreokret.rs\/\"},{\"@type\":\"ListItem\",\"position\":2,\"name\":\"Odr\u017eana radionica o kori\u0161\u0107enju elektronskih usluga\"}]},{\"@type\":\"WebSite\",\"@id\":\"https:\/\/gradjanskipreokret.rs\/#website\",\"url\":\"https:\/\/gradjanskipreokret.rs\/\",\"name\":\"Gra\u0111anski preokret\",\"description\":\"Gradjanski preokret\",\"publisher\":{\"@id\":\"https:\/\/gradjanskipreokret.rs\/#organization\"},\"potentialAction\":[{\"@type\":\"SearchAction\",\"target\":{\"@type\":\"EntryPoint\",\"urlTemplate\":\"https:\/\/gradjanskipreokret.rs\/?s={search_term_string}\"},\"query-input\":{\"@type\":\"PropertyValueSpecification\",\"valueRequired\":true,\"valueName\":\"search_term_string\"}}],\"inLanguage\":\"en-US\"},{\"@type\":\"Organization\",\"@id\":\"https:\/\/gradjanskipreokret.rs\/#organization\",\"name\":\"Udru\u017eenje Gra\u0111anski preokret\",\"url\":\"https:\/\/gradjanskipreokret.rs\/\",\"logo\":{\"@type\":\"ImageObject\",\"inLanguage\":\"en-US\",\"@id\":\"https:\/\/gradjanskipreokret.rs\/#\/schema\/logo\/image\/\",\"url\":\"https:\/\/gradjanskipreokret.rs\/wp-content\/uploads\/2019\/03\/FB.png\",\"contentUrl\":\"https:\/\/gradjanskipreokret.rs\/wp-content\/uploads\/2019\/03\/FB.png\",\"width\":773,\"height\":461,\"caption\":\"Udru\u017eenje Gra\u0111anski preokret\"},\"image\":{\"@id\":\"https:\/\/gradjanskipreokret.rs\/#\/schema\/logo\/image\/\"},\"sameAs\":[\"https:\/\/www.facebook.com\/gradjanskipreokret\/\",\"https:\/\/x.com\/gpreokret\",\"https:\/\/www.youtube.com\/channel\/UCyEiTcJBTWEFn48AmyxAhsA\"]},{\"@type\":\"Person\",\"@id\":\"https:\/\/gradjanskipreokret.rs\/#\/schema\/person\/0afc6a01a39afb1c9e2df1a5c7d7800d\",\"name\":\"Gra\u0111anski preokret\",\"image\":{\"@type\":\"ImageObject\",\"inLanguage\":\"en-US\",\"@id\":\"https:\/\/gradjanskipreokret.rs\/#\/schema\/person\/image\/\",\"url\":\"https:\/\/secure.gravatar.com\/avatar\/4f775d6a27bef0662bf264239622d14941545c33046ddf7342be24dba39f1270?s=96&d=mm&r=g\",\"contentUrl\":\"https:\/\/secure.gravatar.com\/avatar\/4f775d6a27bef0662bf264239622d14941545c33046ddf7342be24dba39f1270?s=96&d=mm&r=g\",\"caption\":\"Gra\u0111anski preokret\"},\"sameAs\":[\"http:\/\/www.gradjanskipreokret.rs\"],\"url\":\"https:\/\/gradjanskipreokret.rs\/index.php\/author\/gradjan1\/\"}]}<\/script>\n<!-- \/ Yoast SEO plugin. -->","yoast_head_json":{"title":"Odr\u017eana radionica o kori\u0161\u0107enju elektronskih usluga - Gra\u0111anski preokret","robots":{"index":"index","follow":"follow","max-snippet":"max-snippet:-1","max-image-preview":"max-image-preview:large","max-video-preview":"max-video-preview:-1"},"canonical":"https:\/\/gradjanskipreokret.rs\/index.php\/2022\/02\/19\/odrzana-radionica-o-koriscenju-elektronskih-usluga\/","og_locale":"en_US","og_type":"article","og_title":"Odr\u017eana radionica o kori\u0161\u0107enju elektronskih usluga - Gra\u0111anski preokret","og_description":"Edukativna radionica o kori\u0161\u0107enju elektronskih usluga od strane gra\u0111ana odr\u017eana je u Zrenjaninu, u sali mesnih zajednica na Baglja\u0161u. Radionicu","og_url":"https:\/\/gradjanskipreokret.rs\/index.php\/2022\/02\/19\/odrzana-radionica-o-koriscenju-elektronskih-usluga\/","og_site_name":"Gra\u0111anski preokret","article_publisher":"https:\/\/www.facebook.com\/gradjanskipreokret\/","article_published_time":"2022-02-19T16:12:40+00:00","article_modified_time":"2022-02-19T16:13:26+00:00","og_image":[{"width":1200,"height":812,"url":"https:\/\/gradjanskipreokret.rs\/wp-content\/uploads\/2022\/02\/Radionica1.jpg","type":"image\/jpeg"}],"author":"Gra\u0111anski preokret","twitter_card":"summary_large_image","twitter_creator":"@gpreokret","twitter_site":"@gpreokret","twitter_misc":{"Written by":"Gra\u0111anski preokret","Est. reading time":"2 minutes"},"schema":{"@context":"https:\/\/schema.org","@graph":[{"@type":"Article","@id":"https:\/\/gradjanskipreokret.rs\/index.php\/2022\/02\/19\/odrzana-radionica-o-koriscenju-elektronskih-usluga\/#article","isPartOf":{"@id":"https:\/\/gradjanskipreokret.rs\/index.php\/2022\/02\/19\/odrzana-radionica-o-koriscenju-elektronskih-usluga\/"},"author":{"name":"Gra\u0111anski preokret","@id":"https:\/\/gradjanskipreokret.rs\/#\/schema\/person\/0afc6a01a39afb1c9e2df1a5c7d7800d"},"headline":"Odr\u017eana radionica o kori\u0161\u0107enju elektronskih usluga","datePublished":"2022-02-19T16:12:40+00:00","dateModified":"2022-02-19T16:13:26+00:00","mainEntityOfPage":{"@id":"https:\/\/gradjanskipreokret.rs\/index.php\/2022\/02\/19\/odrzana-radionica-o-koriscenju-elektronskih-usluga\/"},"wordCount":208,"publisher":{"@id":"https:\/\/gradjanskipreokret.rs\/#organization"},"image":{"@id":"https:\/\/gradjanskipreokret.rs\/index.php\/2022\/02\/19\/odrzana-radionica-o-koriscenju-elektronskih-usluga\/#primaryimage"},"thumbnailUrl":"https:\/\/gradjanskipreokret.rs\/wp-content\/uploads\/2022\/02\/Radionica1.jpg","articleSection":["Aktivni gra\u0111ani","Arhiva","Vesti"],"inLanguage":"en-US"},{"@type":"WebPage","@id":"https:\/\/gradjanskipreokret.rs\/index.php\/2022\/02\/19\/odrzana-radionica-o-koriscenju-elektronskih-usluga\/","url":"https:\/\/gradjanskipreokret.rs\/index.php\/2022\/02\/19\/odrzana-radionica-o-koriscenju-elektronskih-usluga\/","name":"Odr\u017eana radionica o kori\u0161\u0107enju elektronskih usluga - Gra\u0111anski preokret","isPartOf":{"@id":"https:\/\/gradjanskipreokret.rs\/#website"},"primaryImageOfPage":{"@id":"https:\/\/gradjanskipreokret.rs\/index.php\/2022\/02\/19\/odrzana-radionica-o-koriscenju-elektronskih-usluga\/#primaryimage"},"image":{"@id":"https:\/\/gradjanskipreokret.rs\/index.php\/2022\/02\/19\/odrzana-radionica-o-koriscenju-elektronskih-usluga\/#primaryimage"},"thumbnailUrl":"https:\/\/gradjanskipreokret.rs\/wp-content\/uploads\/2022\/02\/Radionica1.jpg","datePublished":"2022-02-19T16:12:40+00:00","dateModified":"2022-02-19T16:13:26+00:00","breadcrumb":{"@id":"https:\/\/gradjanskipreokret.rs\/index.php\/2022\/02\/19\/odrzana-radionica-o-koriscenju-elektronskih-usluga\/#breadcrumb"},"inLanguage":"en-US","potentialAction":[{"@type":"ReadAction","target":["https:\/\/gradjanskipreokret.rs\/index.php\/2022\/02\/19\/odrzana-radionica-o-koriscenju-elektronskih-usluga\/"]}]},{"@type":"ImageObject","inLanguage":"en-US","@id":"https:\/\/gradjanskipreokret.rs\/index.php\/2022\/02\/19\/odrzana-radionica-o-koriscenju-elektronskih-usluga\/#primaryimage","url":"https:\/\/gradjanskipreokret.rs\/wp-content\/uploads\/2022\/02\/Radionica1.jpg","contentUrl":"https:\/\/gradjanskipreokret.rs\/wp-content\/uploads\/2022\/02\/Radionica1.jpg","width":1200,"height":812},{"@type":"BreadcrumbList","@id":"https:\/\/gradjanskipreokret.rs\/index.php\/2022\/02\/19\/odrzana-radionica-o-koriscenju-elektronskih-usluga\/#breadcrumb","itemListElement":[{"@type":"ListItem","position":1,"name":"Home","item":"https:\/\/gradjanskipreokret.rs\/"},{"@type":"ListItem","position":2,"name":"Odr\u017eana radionica o kori\u0161\u0107enju elektronskih usluga"}]},{"@type":"WebSite","@id":"https:\/\/gradjanskipreokret.rs\/#website","url":"https:\/\/gradjanskipreokret.rs\/","name":"Gra\u0111anski preokret","description":"Gradjanski preokret","publisher":{"@id":"https:\/\/gradjanskipreokret.rs\/#organization"},"potentialAction":[{"@type":"SearchAction","target":{"@type":"EntryPoint","urlTemplate":"https:\/\/gradjanskipreokret.rs\/?s={search_term_string}"},"query-input":{"@type":"PropertyValueSpecification","valueRequired":true,"valueName":"search_term_string"}}],"inLanguage":"en-US"},{"@type":"Organization","@id":"https:\/\/gradjanskipreokret.rs\/#organization","name":"Udru\u017eenje Gra\u0111anski preokret","url":"https:\/\/gradjanskipreokret.rs\/","logo":{"@type":"ImageObject","inLanguage":"en-US","@id":"https:\/\/gradjanskipreokret.rs\/#\/schema\/logo\/image\/","url":"https:\/\/gradjanskipreokret.rs\/wp-content\/uploads\/2019\/03\/FB.png","contentUrl":"https:\/\/gradjanskipreokret.rs\/wp-content\/uploads\/2019\/03\/FB.png","width":773,"height":461,"caption":"Udru\u017eenje Gra\u0111anski preokret"},"image":{"@id":"https:\/\/gradjanskipreokret.rs\/#\/schema\/logo\/image\/"},"sameAs":["https:\/\/www.facebook.com\/gradjanskipreokret\/","https:\/\/x.com\/gpreokret","https:\/\/www.youtube.com\/channel\/UCyEiTcJBTWEFn48AmyxAhsA"]},{"@type":"Person","@id":"https:\/\/gradjanskipreokret.rs\/#\/schema\/person\/0afc6a01a39afb1c9e2df1a5c7d7800d","name":"Gra\u0111anski preokret","image":{"@type":"ImageObject","inLanguage":"en-US","@id":"https:\/\/gradjanskipreokret.rs\/#\/schema\/person\/image\/","url":"https:\/\/secure.gravatar.com\/avatar\/4f775d6a27bef0662bf264239622d14941545c33046ddf7342be24dba39f1270?s=96&d=mm&r=g","contentUrl":"https:\/\/secure.gravatar.com\/avatar\/4f775d6a27bef0662bf264239622d14941545c33046ddf7342be24dba39f1270?s=96&d=mm&r=g","caption":"Gra\u0111anski preokret"},"sameAs":["http:\/\/www.gradjanskipreokret.rs"],"url":"https:\/\/gradjanskipreokret.rs\/index.php\/author\/gradjan1\/"}]}},"_links":{"self":[{"href":"https:\/\/gradjanskipreokret.rs\/index.php\/wp-json\/wp\/v2\/posts\/2880","targetHints":{"allow":["GET"]}}],"collection":[{"href":"https:\/\/gradjanskipreokret.rs\/index.php\/wp-json\/wp\/v2\/posts"}],"about":[{"href":"https:\/\/gradjanskipreokret.rs\/index.php\/wp-json\/wp\/v2\/types\/post"}],"author":[{"embeddable":true,"href":"https:\/\/gradjanskipreokret.rs\/index.php\/wp-json\/wp\/v2\/users\/1"}],"replies":[{"embeddable":true,"href":"https:\/\/gradjanskipreokret.rs\/index.php\/wp-json\/wp\/v2\/comments?post=2880"}],"version-history":[{"count":2,"href":"https:\/\/gradjanskipreokret.rs\/index.php\/wp-json\/wp\/v2\/posts\/2880\/revisions"}],"predecessor-version":[{"id":2888,"href":"https:\/\/gradjanskipreokret.rs\/index.php\/wp-json\/wp\/v2\/posts\/2880\/revisions\/2888"}],"wp:featuredmedia":[{"embeddable":true,"href":"https:\/\/gradjanskipreokret.rs\/index.php\/wp-json\/wp\/v2\/media\/2882"}],"wp:attachment":[{"href":"https:\/\/gradjanskipreokret.rs\/index.php\/wp-json\/wp\/v2\/media?parent=2880"}],"wp:term":[{"taxonomy":"category","embeddable":true,"href":"https:\/\/gradjanskipreokret.rs\/index.php\/wp-json\/wp\/v2\/categories?post=2880"},{"taxonomy":"post_tag","embeddable":true,"href":"https:\/\/gradjanskipreokret.rs\/index.php\/wp-json\/wp\/v2\/tags?post=2880"}],"curies":[{"name":"wp","href":"https:\/\/api.w.org\/{rel}","templated":true}]}}