{"id":2029,"date":"2021-05-25T12:41:52","date_gmt":"2021-05-25T10:41:52","guid":{"rendered":"https:\/\/gradjanskipreokret.rs\/?p=2029"},"modified":"2021-05-27T19:06:32","modified_gmt":"2021-05-27T17:06:32","slug":"debata-fabrika-zednih-slucaj-zrenjanin","status":"publish","type":"post","link":"https:\/\/gradjanskipreokret.rs\/index.php\/2021\/05\/25\/debata-fabrika-zednih-slucaj-zrenjanin\/","title":{"rendered":"Debata: \u201cFabrika \u017eednih&#8221; \u2013 slu\u010daj Zrenjanin"},"content":{"rendered":"\n<p><strong>U subotu 29. maja 2021. godine, na Trgu slobode u Zrenjaninu, s po\u010detkom u 18 \u010dasova, odr\u017ea\u0107e se debata i predstavljanje studije slu\u010daja: \u201cFabrika \u017eednih \u2013 slu\u010daj zrenjaninskog postrojenja za preradu vode\u201c<\/strong>.<\/p>\n\n\n\n<p>Organizacija <a rel=\"noreferrer noopener\" href=\"https:\/\/pravonavodu.weebly.com\/o-nama.html\" data-type=\"URL\" data-id=\"https:\/\/pravonavodu.weebly.com\/o-nama.html\" target=\"_blank\">&#8220;Pravo na vodu&#8221;<\/a> je analizirala zrenjaninski problem u studiji slu\u010daja koja \u0107e biti predstavljena na debati. Kroz razgovor, poku\u0161a\u0107emo da odgovorimo na pitanja kao \u0161to su: kada Zrenjaninci mogu da o\u010dekuju da dobiju pija\u0107u vodu, kakva je sudbina izgra\u0111ene fabrike, kakve su posledice po gra\u0111ane, i ko je sve odgovoran za problem koji traje skoro dve decenije? <\/p>\n\n\n\n<p>O dugogodi\u0161njem problemu u Zrenjaninu i izra\u0111enoj studiji slu\u010daja \u0107e govoriti:<br>\u25cf Du\u0161an Kokot, predsednik organizacije Gra\u0111anski preokret<br>\u25cf Iskra Krsti\u0107, predstavnica inicijative Pravo na vodu<br>\u25cf Dr Vladimir Pavi\u0107evi\u0107, Tehnolo\u0161ko-metalur\u0161ki fakultet Univerziteta u Beogradu<\/p>\n\n\n\n<p>Moderator \u0107e biti Branislav Grkovi\u0107, <a rel=\"noreferrer noopener\" href=\"http:\/\/crta.rs\" data-type=\"URL\" data-id=\"crta.rs\" target=\"_blank\">Crta<\/a>.<\/p>\n\n\n\n<p>Studiju mo\u017eete preuzeti <strong><a href=\"http:\/\/gradjanskipreokret.rs\/video\/fz.pdf\" data-type=\"URL\" data-id=\"gradjanskipreokret.rs\/video\/fz.pdf\" target=\"_blank\" rel=\"noreferrer noopener\">OVDE<\/a><\/strong><br><\/p>\n","protected":false},"excerpt":{"rendered":"<p>U subotu 29. maja 2021. godine, na Trgu slobode u Zrenjaninu, s po\u010detkom u 18 \u010dasova, odr\u017ea\u0107e se debata i<\/p>\n","protected":false},"author":1,"featured_media":2030,"comment_status":"closed","ping_status":"open","sticky":false,"template":"","format":"standard","meta":{"footnotes":""},"categories":[14,16,10,9],"tags":[],"class_list":["post-2029","post","type-post","status-publish","format-standard","has-post-thumbnail","hentry","category-arhiva","category-fabrika-vode","category-vesti","category-zrenjanin"],"yoast_head":"<!-- This site is optimized with the Yoast SEO plugin v26.3 - https:\/\/yoast.com\/wordpress\/plugins\/seo\/ -->\n<title>Debata: \u201cFabrika \u017eednih&quot; \u2013 slu\u010daj Zrenjanin - Gra\u0111anski preokret<\/title>\n<meta name=\"robots\" content=\"index, follow, max-snippet:-1, max-image-preview:large, max-video-preview:-1\" \/>\n<link rel=\"canonical\" href=\"https:\/\/gradjanskipreokret.rs\/index.php\/2021\/05\/25\/debata-fabrika-zednih-slucaj-zrenjanin\/\" \/>\n<meta property=\"og:locale\" content=\"en_US\" \/>\n<meta property=\"og:type\" content=\"article\" \/>\n<meta property=\"og:title\" content=\"Debata: \u201cFabrika \u017eednih&quot; \u2013 slu\u010daj Zrenjanin - Gra\u0111anski preokret\" \/>\n<meta property=\"og:description\" content=\"U subotu 29. maja 2021. godine, na Trgu slobode u Zrenjaninu, s po\u010detkom u 18 \u010dasova, odr\u017ea\u0107e se debata i\" \/>\n<meta property=\"og:url\" content=\"https:\/\/gradjanskipreokret.rs\/index.php\/2021\/05\/25\/debata-fabrika-zednih-slucaj-zrenjanin\/\" \/>\n<meta property=\"og:site_name\" content=\"Gra\u0111anski preokret\" \/>\n<meta property=\"article:publisher\" content=\"https:\/\/www.facebook.com\/gradjanskipreokret\/\" \/>\n<meta property=\"article:published_time\" content=\"2021-05-25T10:41:52+00:00\" \/>\n<meta property=\"article:modified_time\" content=\"2021-05-27T17:06:32+00:00\" \/>\n<meta property=\"og:image\" content=\"https:\/\/gradjanskipreokret.rs\/wp-content\/uploads\/2021\/05\/Fabrika-zednih-FB-event-1536x864-1.png\" \/>\n\t<meta property=\"og:image:width\" content=\"1536\" \/>\n\t<meta property=\"og:image:height\" content=\"864\" \/>\n\t<meta property=\"og:image:type\" content=\"image\/png\" \/>\n<meta name=\"author\" content=\"Gra\u0111anski preokret\" \/>\n<meta name=\"twitter:card\" content=\"summary_large_image\" \/>\n<meta name=\"twitter:creator\" content=\"@gpreokret\" \/>\n<meta name=\"twitter:site\" content=\"@gpreokret\" \/>\n<meta name=\"twitter:label1\" content=\"Written by\" \/>\n\t<meta name=\"twitter:data1\" content=\"Gra\u0111anski preokret\" \/>\n\t<meta name=\"twitter:label2\" content=\"Est. reading time\" \/>\n\t<meta name=\"twitter:data2\" content=\"1 minute\" \/>\n<script type=\"application\/ld+json\" class=\"yoast-schema-graph\">{\"@context\":\"https:\/\/schema.org\",\"@graph\":[{\"@type\":\"Article\",\"@id\":\"https:\/\/gradjanskipreokret.rs\/index.php\/2021\/05\/25\/debata-fabrika-zednih-slucaj-zrenjanin\/#article\",\"isPartOf\":{\"@id\":\"https:\/\/gradjanskipreokret.rs\/index.php\/2021\/05\/25\/debata-fabrika-zednih-slucaj-zrenjanin\/\"},\"author\":{\"name\":\"Gra\u0111anski preokret\",\"@id\":\"https:\/\/gradjanskipreokret.rs\/#\/schema\/person\/0afc6a01a39afb1c9e2df1a5c7d7800d\"},\"headline\":\"Debata: \u201cFabrika \u017eednih&#8221; \u2013 slu\u010daj Zrenjanin\",\"datePublished\":\"2021-05-25T10:41:52+00:00\",\"dateModified\":\"2021-05-27T17:06:32+00:00\",\"mainEntityOfPage\":{\"@id\":\"https:\/\/gradjanskipreokret.rs\/index.php\/2021\/05\/25\/debata-fabrika-zednih-slucaj-zrenjanin\/\"},\"wordCount\":155,\"publisher\":{\"@id\":\"https:\/\/gradjanskipreokret.rs\/#organization\"},\"image\":{\"@id\":\"https:\/\/gradjanskipreokret.rs\/index.php\/2021\/05\/25\/debata-fabrika-zednih-slucaj-zrenjanin\/#primaryimage\"},\"thumbnailUrl\":\"https:\/\/gradjanskipreokret.rs\/wp-content\/uploads\/2021\/05\/Fabrika-zednih-FB-event-1536x864-1.png\",\"articleSection\":[\"Arhiva\",\"Fabrika vode\",\"Vesti\",\"Zrenjanin\"],\"inLanguage\":\"en-US\"},{\"@type\":\"WebPage\",\"@id\":\"https:\/\/gradjanskipreokret.rs\/index.php\/2021\/05\/25\/debata-fabrika-zednih-slucaj-zrenjanin\/\",\"url\":\"https:\/\/gradjanskipreokret.rs\/index.php\/2021\/05\/25\/debata-fabrika-zednih-slucaj-zrenjanin\/\",\"name\":\"Debata: \u201cFabrika \u017eednih\\\" \u2013 slu\u010daj Zrenjanin - Gra\u0111anski preokret\",\"isPartOf\":{\"@id\":\"https:\/\/gradjanskipreokret.rs\/#website\"},\"primaryImageOfPage\":{\"@id\":\"https:\/\/gradjanskipreokret.rs\/index.php\/2021\/05\/25\/debata-fabrika-zednih-slucaj-zrenjanin\/#primaryimage\"},\"image\":{\"@id\":\"https:\/\/gradjanskipreokret.rs\/index.php\/2021\/05\/25\/debata-fabrika-zednih-slucaj-zrenjanin\/#primaryimage\"},\"thumbnailUrl\":\"https:\/\/gradjanskipreokret.rs\/wp-content\/uploads\/2021\/05\/Fabrika-zednih-FB-event-1536x864-1.png\",\"datePublished\":\"2021-05-25T10:41:52+00:00\",\"dateModified\":\"2021-05-27T17:06:32+00:00\",\"breadcrumb\":{\"@id\":\"https:\/\/gradjanskipreokret.rs\/index.php\/2021\/05\/25\/debata-fabrika-zednih-slucaj-zrenjanin\/#breadcrumb\"},\"inLanguage\":\"en-US\",\"potentialAction\":[{\"@type\":\"ReadAction\",\"target\":[\"https:\/\/gradjanskipreokret.rs\/index.php\/2021\/05\/25\/debata-fabrika-zednih-slucaj-zrenjanin\/\"]}]},{\"@type\":\"ImageObject\",\"inLanguage\":\"en-US\",\"@id\":\"https:\/\/gradjanskipreokret.rs\/index.php\/2021\/05\/25\/debata-fabrika-zednih-slucaj-zrenjanin\/#primaryimage\",\"url\":\"https:\/\/gradjanskipreokret.rs\/wp-content\/uploads\/2021\/05\/Fabrika-zednih-FB-event-1536x864-1.png\",\"contentUrl\":\"https:\/\/gradjanskipreokret.rs\/wp-content\/uploads\/2021\/05\/Fabrika-zednih-FB-event-1536x864-1.png\",\"width\":1536,\"height\":864},{\"@type\":\"BreadcrumbList\",\"@id\":\"https:\/\/gradjanskipreokret.rs\/index.php\/2021\/05\/25\/debata-fabrika-zednih-slucaj-zrenjanin\/#breadcrumb\",\"itemListElement\":[{\"@type\":\"ListItem\",\"position\":1,\"name\":\"Home\",\"item\":\"https:\/\/gradjanskipreokret.rs\/\"},{\"@type\":\"ListItem\",\"position\":2,\"name\":\"Debata: \u201cFabrika \u017eednih&#8221; \u2013 slu\u010daj Zrenjanin\"}]},{\"@type\":\"WebSite\",\"@id\":\"https:\/\/gradjanskipreokret.rs\/#website\",\"url\":\"https:\/\/gradjanskipreokret.rs\/\",\"name\":\"Gra\u0111anski preokret\",\"description\":\"Gradjanski preokret\",\"publisher\":{\"@id\":\"https:\/\/gradjanskipreokret.rs\/#organization\"},\"potentialAction\":[{\"@type\":\"SearchAction\",\"target\":{\"@type\":\"EntryPoint\",\"urlTemplate\":\"https:\/\/gradjanskipreokret.rs\/?s={search_term_string}\"},\"query-input\":{\"@type\":\"PropertyValueSpecification\",\"valueRequired\":true,\"valueName\":\"search_term_string\"}}],\"inLanguage\":\"en-US\"},{\"@type\":\"Organization\",\"@id\":\"https:\/\/gradjanskipreokret.rs\/#organization\",\"name\":\"Udru\u017eenje Gra\u0111anski preokret\",\"url\":\"https:\/\/gradjanskipreokret.rs\/\",\"logo\":{\"@type\":\"ImageObject\",\"inLanguage\":\"en-US\",\"@id\":\"https:\/\/gradjanskipreokret.rs\/#\/schema\/logo\/image\/\",\"url\":\"https:\/\/gradjanskipreokret.rs\/wp-content\/uploads\/2019\/03\/FB.png\",\"contentUrl\":\"https:\/\/gradjanskipreokret.rs\/wp-content\/uploads\/2019\/03\/FB.png\",\"width\":773,\"height\":461,\"caption\":\"Udru\u017eenje Gra\u0111anski preokret\"},\"image\":{\"@id\":\"https:\/\/gradjanskipreokret.rs\/#\/schema\/logo\/image\/\"},\"sameAs\":[\"https:\/\/www.facebook.com\/gradjanskipreokret\/\",\"https:\/\/x.com\/gpreokret\",\"https:\/\/www.youtube.com\/channel\/UCyEiTcJBTWEFn48AmyxAhsA\"]},{\"@type\":\"Person\",\"@id\":\"https:\/\/gradjanskipreokret.rs\/#\/schema\/person\/0afc6a01a39afb1c9e2df1a5c7d7800d\",\"name\":\"Gra\u0111anski preokret\",\"image\":{\"@type\":\"ImageObject\",\"inLanguage\":\"en-US\",\"@id\":\"https:\/\/gradjanskipreokret.rs\/#\/schema\/person\/image\/\",\"url\":\"https:\/\/secure.gravatar.com\/avatar\/4f775d6a27bef0662bf264239622d14941545c33046ddf7342be24dba39f1270?s=96&d=mm&r=g\",\"contentUrl\":\"https:\/\/secure.gravatar.com\/avatar\/4f775d6a27bef0662bf264239622d14941545c33046ddf7342be24dba39f1270?s=96&d=mm&r=g\",\"caption\":\"Gra\u0111anski preokret\"},\"sameAs\":[\"http:\/\/www.gradjanskipreokret.rs\"],\"url\":\"https:\/\/gradjanskipreokret.rs\/index.php\/author\/gradjan1\/\"}]}<\/script>\n<!-- \/ Yoast SEO plugin. -->","yoast_head_json":{"title":"Debata: \u201cFabrika \u017eednih\" \u2013 slu\u010daj Zrenjanin - Gra\u0111anski preokret","robots":{"index":"index","follow":"follow","max-snippet":"max-snippet:-1","max-image-preview":"max-image-preview:large","max-video-preview":"max-video-preview:-1"},"canonical":"https:\/\/gradjanskipreokret.rs\/index.php\/2021\/05\/25\/debata-fabrika-zednih-slucaj-zrenjanin\/","og_locale":"en_US","og_type":"article","og_title":"Debata: \u201cFabrika \u017eednih\" \u2013 slu\u010daj Zrenjanin - Gra\u0111anski preokret","og_description":"U subotu 29. maja 2021. godine, na Trgu slobode u Zrenjaninu, s po\u010detkom u 18 \u010dasova, odr\u017ea\u0107e se debata i","og_url":"https:\/\/gradjanskipreokret.rs\/index.php\/2021\/05\/25\/debata-fabrika-zednih-slucaj-zrenjanin\/","og_site_name":"Gra\u0111anski preokret","article_publisher":"https:\/\/www.facebook.com\/gradjanskipreokret\/","article_published_time":"2021-05-25T10:41:52+00:00","article_modified_time":"2021-05-27T17:06:32+00:00","og_image":[{"width":1536,"height":864,"url":"https:\/\/gradjanskipreokret.rs\/wp-content\/uploads\/2021\/05\/Fabrika-zednih-FB-event-1536x864-1.png","type":"image\/png"}],"author":"Gra\u0111anski preokret","twitter_card":"summary_large_image","twitter_creator":"@gpreokret","twitter_site":"@gpreokret","twitter_misc":{"Written by":"Gra\u0111anski preokret","Est. reading time":"1 minute"},"schema":{"@context":"https:\/\/schema.org","@graph":[{"@type":"Article","@id":"https:\/\/gradjanskipreokret.rs\/index.php\/2021\/05\/25\/debata-fabrika-zednih-slucaj-zrenjanin\/#article","isPartOf":{"@id":"https:\/\/gradjanskipreokret.rs\/index.php\/2021\/05\/25\/debata-fabrika-zednih-slucaj-zrenjanin\/"},"author":{"name":"Gra\u0111anski preokret","@id":"https:\/\/gradjanskipreokret.rs\/#\/schema\/person\/0afc6a01a39afb1c9e2df1a5c7d7800d"},"headline":"Debata: \u201cFabrika \u017eednih&#8221; \u2013 slu\u010daj Zrenjanin","datePublished":"2021-05-25T10:41:52+00:00","dateModified":"2021-05-27T17:06:32+00:00","mainEntityOfPage":{"@id":"https:\/\/gradjanskipreokret.rs\/index.php\/2021\/05\/25\/debata-fabrika-zednih-slucaj-zrenjanin\/"},"wordCount":155,"publisher":{"@id":"https:\/\/gradjanskipreokret.rs\/#organization"},"image":{"@id":"https:\/\/gradjanskipreokret.rs\/index.php\/2021\/05\/25\/debata-fabrika-zednih-slucaj-zrenjanin\/#primaryimage"},"thumbnailUrl":"https:\/\/gradjanskipreokret.rs\/wp-content\/uploads\/2021\/05\/Fabrika-zednih-FB-event-1536x864-1.png","articleSection":["Arhiva","Fabrika vode","Vesti","Zrenjanin"],"inLanguage":"en-US"},{"@type":"WebPage","@id":"https:\/\/gradjanskipreokret.rs\/index.php\/2021\/05\/25\/debata-fabrika-zednih-slucaj-zrenjanin\/","url":"https:\/\/gradjanskipreokret.rs\/index.php\/2021\/05\/25\/debata-fabrika-zednih-slucaj-zrenjanin\/","name":"Debata: \u201cFabrika \u017eednih\" \u2013 slu\u010daj Zrenjanin - Gra\u0111anski preokret","isPartOf":{"@id":"https:\/\/gradjanskipreokret.rs\/#website"},"primaryImageOfPage":{"@id":"https:\/\/gradjanskipreokret.rs\/index.php\/2021\/05\/25\/debata-fabrika-zednih-slucaj-zrenjanin\/#primaryimage"},"image":{"@id":"https:\/\/gradjanskipreokret.rs\/index.php\/2021\/05\/25\/debata-fabrika-zednih-slucaj-zrenjanin\/#primaryimage"},"thumbnailUrl":"https:\/\/gradjanskipreokret.rs\/wp-content\/uploads\/2021\/05\/Fabrika-zednih-FB-event-1536x864-1.png","datePublished":"2021-05-25T10:41:52+00:00","dateModified":"2021-05-27T17:06:32+00:00","breadcrumb":{"@id":"https:\/\/gradjanskipreokret.rs\/index.php\/2021\/05\/25\/debata-fabrika-zednih-slucaj-zrenjanin\/#breadcrumb"},"inLanguage":"en-US","potentialAction":[{"@type":"ReadAction","target":["https:\/\/gradjanskipreokret.rs\/index.php\/2021\/05\/25\/debata-fabrika-zednih-slucaj-zrenjanin\/"]}]},{"@type":"ImageObject","inLanguage":"en-US","@id":"https:\/\/gradjanskipreokret.rs\/index.php\/2021\/05\/25\/debata-fabrika-zednih-slucaj-zrenjanin\/#primaryimage","url":"https:\/\/gradjanskipreokret.rs\/wp-content\/uploads\/2021\/05\/Fabrika-zednih-FB-event-1536x864-1.png","contentUrl":"https:\/\/gradjanskipreokret.rs\/wp-content\/uploads\/2021\/05\/Fabrika-zednih-FB-event-1536x864-1.png","width":1536,"height":864},{"@type":"BreadcrumbList","@id":"https:\/\/gradjanskipreokret.rs\/index.php\/2021\/05\/25\/debata-fabrika-zednih-slucaj-zrenjanin\/#breadcrumb","itemListElement":[{"@type":"ListItem","position":1,"name":"Home","item":"https:\/\/gradjanskipreokret.rs\/"},{"@type":"ListItem","position":2,"name":"Debata: \u201cFabrika \u017eednih&#8221; \u2013 slu\u010daj Zrenjanin"}]},{"@type":"WebSite","@id":"https:\/\/gradjanskipreokret.rs\/#website","url":"https:\/\/gradjanskipreokret.rs\/","name":"Gra\u0111anski preokret","description":"Gradjanski preokret","publisher":{"@id":"https:\/\/gradjanskipreokret.rs\/#organization"},"potentialAction":[{"@type":"SearchAction","target":{"@type":"EntryPoint","urlTemplate":"https:\/\/gradjanskipreokret.rs\/?s={search_term_string}"},"query-input":{"@type":"PropertyValueSpecification","valueRequired":true,"valueName":"search_term_string"}}],"inLanguage":"en-US"},{"@type":"Organization","@id":"https:\/\/gradjanskipreokret.rs\/#organization","name":"Udru\u017eenje Gra\u0111anski preokret","url":"https:\/\/gradjanskipreokret.rs\/","logo":{"@type":"ImageObject","inLanguage":"en-US","@id":"https:\/\/gradjanskipreokret.rs\/#\/schema\/logo\/image\/","url":"https:\/\/gradjanskipreokret.rs\/wp-content\/uploads\/2019\/03\/FB.png","contentUrl":"https:\/\/gradjanskipreokret.rs\/wp-content\/uploads\/2019\/03\/FB.png","width":773,"height":461,"caption":"Udru\u017eenje Gra\u0111anski preokret"},"image":{"@id":"https:\/\/gradjanskipreokret.rs\/#\/schema\/logo\/image\/"},"sameAs":["https:\/\/www.facebook.com\/gradjanskipreokret\/","https:\/\/x.com\/gpreokret","https:\/\/www.youtube.com\/channel\/UCyEiTcJBTWEFn48AmyxAhsA"]},{"@type":"Person","@id":"https:\/\/gradjanskipreokret.rs\/#\/schema\/person\/0afc6a01a39afb1c9e2df1a5c7d7800d","name":"Gra\u0111anski preokret","image":{"@type":"ImageObject","inLanguage":"en-US","@id":"https:\/\/gradjanskipreokret.rs\/#\/schema\/person\/image\/","url":"https:\/\/secure.gravatar.com\/avatar\/4f775d6a27bef0662bf264239622d14941545c33046ddf7342be24dba39f1270?s=96&d=mm&r=g","contentUrl":"https:\/\/secure.gravatar.com\/avatar\/4f775d6a27bef0662bf264239622d14941545c33046ddf7342be24dba39f1270?s=96&d=mm&r=g","caption":"Gra\u0111anski preokret"},"sameAs":["http:\/\/www.gradjanskipreokret.rs"],"url":"https:\/\/gradjanskipreokret.rs\/index.php\/author\/gradjan1\/"}]}},"_links":{"self":[{"href":"https:\/\/gradjanskipreokret.rs\/index.php\/wp-json\/wp\/v2\/posts\/2029","targetHints":{"allow":["GET"]}}],"collection":[{"href":"https:\/\/gradjanskipreokret.rs\/index.php\/wp-json\/wp\/v2\/posts"}],"about":[{"href":"https:\/\/gradjanskipreokret.rs\/index.php\/wp-json\/wp\/v2\/types\/post"}],"author":[{"embeddable":true,"href":"https:\/\/gradjanskipreokret.rs\/index.php\/wp-json\/wp\/v2\/users\/1"}],"replies":[{"embeddable":true,"href":"https:\/\/gradjanskipreokret.rs\/index.php\/wp-json\/wp\/v2\/comments?post=2029"}],"version-history":[{"count":3,"href":"https:\/\/gradjanskipreokret.rs\/index.php\/wp-json\/wp\/v2\/posts\/2029\/revisions"}],"predecessor-version":[{"id":2034,"href":"https:\/\/gradjanskipreokret.rs\/index.php\/wp-json\/wp\/v2\/posts\/2029\/revisions\/2034"}],"wp:featuredmedia":[{"embeddable":true,"href":"https:\/\/gradjanskipreokret.rs\/index.php\/wp-json\/wp\/v2\/media\/2030"}],"wp:attachment":[{"href":"https:\/\/gradjanskipreokret.rs\/index.php\/wp-json\/wp\/v2\/media?parent=2029"}],"wp:term":[{"taxonomy":"category","embeddable":true,"href":"https:\/\/gradjanskipreokret.rs\/index.php\/wp-json\/wp\/v2\/categories?post=2029"},{"taxonomy":"post_tag","embeddable":true,"href":"https:\/\/gradjanskipreokret.rs\/index.php\/wp-json\/wp\/v2\/tags?post=2029"}],"curies":[{"name":"wp","href":"https:\/\/api.w.org\/{rel}","templated":true}]}}