{"id":1391,"date":"2020-09-03T15:25:21","date_gmt":"2020-09-03T13:25:21","guid":{"rendered":"https:\/\/gradjanskipreokret.rs\/?p=1391"},"modified":"2020-09-03T15:25:24","modified_gmt":"2020-09-03T13:25:24","slug":"zajedno-do-vode-i-da-smradovi-odu-predstavljeni-u-sapcu","status":"publish","type":"post","link":"https:\/\/gradjanskipreokret.rs\/index.php\/2020\/09\/03\/zajedno-do-vode-i-da-smradovi-odu-predstavljeni-u-sapcu\/","title":{"rendered":"&#8220;Zajedno do vode&#8221; i &#8220;Da smradovi odu&#8221; predstavljeni u \u0160apcu"},"content":{"rendered":"\n<p>U prigodnom ambijentu Sava parka u \u0160apcu sino\u0107 je, u okviru &#8220;ve\u010deri Novog optimizma&#8221;, odr\u017eana tribina \u201eEkologija-zeleno i crno\u201c \u010diji su u\u010desnici govorili o aktuelnim ekolo\u0161kim problemima u nekoliko gradova.<\/p>\n\n\n\n<p>Du\u0161an Kokot, predsednik Gra\u0111anskog preokreta, upoznao je u\u010desnike tribine s Incijativom &#8220;<a rel=\"noreferrer noopener\" href=\"https:\/\/www.danas.rs\/drustvo\/gradjanski-preokret-pokrenuo-inicijativu-zajedno-do-vode-u-zrenjaninu\/\" target=\"_blank\">Zajedno do vode<\/a>&#8221; i akcijom &#8220;<a rel=\"noreferrer noopener\" href=\"https:\/\/www.autonomija.info\/gradjanski-preokret-iz-zrenjanina-pokrece-akciju-da-smradovi-odu.html\" target=\"_blank\">Da smradovi odu<\/a>&#8221; kroz koje Gra\u0111anski preokret poku\u0161ava da uklju\u010di gra\u0111ane i stru\u010dnjake u re\u0161avanje najve\u0107ih ekolo\u0161kih problema u Zrenjaninu: neispravne vode za pi\u0107e i zaga\u0111enja vazduha i zemlji\u0161ta, koje preti od industrije guma Linglong.<\/p>\n\n\n\n<div class=\"wp-block-image\"><figure class=\"aligncenter size-large\"><img loading=\"lazy\" decoding=\"async\" width=\"945\" height=\"749\" src=\"https:\/\/gradjanskipreokret.rs\/wp-content\/uploads\/2020\/09\/KokotSabac-1.jpg\" alt=\"\" class=\"wp-image-1393\" srcset=\"https:\/\/gradjanskipreokret.rs\/wp-content\/uploads\/2020\/09\/KokotSabac-1.jpg 945w, https:\/\/gradjanskipreokret.rs\/wp-content\/uploads\/2020\/09\/KokotSabac-1-300x238.jpg 300w, https:\/\/gradjanskipreokret.rs\/wp-content\/uploads\/2020\/09\/KokotSabac-1-768x609.jpg 768w\" sizes=\"auto, (max-width: 945px) 100vw, 945px\" \/><\/figure><\/div>\n\n\n\n<p>Uz Kokota, govornici na tribini u \u0160apcu su bili arhitekta Dragoljub Baki\u0107, Aleksandar Jovanovi\u0107 \u0106uta iz pokreta &#8220;Odbranimo reke Stare planine&#8221;, Nikola Kolja Krsti\u0107, osniva\u010d pokreta \u201cTvr\u0111ava\u201d, Irena \u017divkovi\u0107, aktivistkinja iz Bora, Dragana Arsi\u0107 iz pokreta \u201cOdbranimo \u0161ume Fru\u0161ke Gore\u201d i Zvezdan Kalmar iz CEKOR-a. Moderator tribine je bila Bojana Selakovi\u0107.<\/p>\n\n\n\n<figure class=\"wp-block-embed-facebook aligncenter wp-block-embed is-type-video is-provider-facebook\"><div class=\"wp-block-embed__wrapper\">\nhttps:\/\/www.facebook.com\/PokretNoviOptimizam\/videos\/3506176449445864\/\n<\/div><\/figure>\n","protected":false},"excerpt":{"rendered":"<p>U prigodnom ambijentu Sava parka u \u0160apcu sino\u0107 je, u okviru &#8220;ve\u010deri Novog optimizma&#8221;, odr\u017eana tribina \u201eEkologija-zeleno i crno\u201c \u010diji<\/p>\n","protected":false},"author":1,"featured_media":1393,"comment_status":"closed","ping_status":"open","sticky":false,"template":"","format":"standard","meta":{"footnotes":""},"categories":[14,10,17],"tags":[],"class_list":["post-1391","post","type-post","status-publish","format-standard","has-post-thumbnail","hentry","category-arhiva","category-vesti","category-zajedno-do-vode"],"yoast_head":"<!-- This site is optimized with the Yoast SEO plugin v26.3 - https:\/\/yoast.com\/wordpress\/plugins\/seo\/ -->\n<title>&quot;Zajedno do vode&quot; i &quot;Da smradovi odu&quot; predstavljeni u \u0160apcu - Gra\u0111anski preokret<\/title>\n<meta name=\"robots\" content=\"index, follow, max-snippet:-1, max-image-preview:large, max-video-preview:-1\" \/>\n<link rel=\"canonical\" href=\"https:\/\/gradjanskipreokret.rs\/index.php\/2020\/09\/03\/zajedno-do-vode-i-da-smradovi-odu-predstavljeni-u-sapcu\/\" \/>\n<meta property=\"og:locale\" content=\"en_US\" \/>\n<meta property=\"og:type\" content=\"article\" \/>\n<meta property=\"og:title\" content=\"&quot;Zajedno do vode&quot; i &quot;Da smradovi odu&quot; predstavljeni u \u0160apcu - Gra\u0111anski preokret\" \/>\n<meta property=\"og:description\" content=\"U prigodnom ambijentu Sava parka u \u0160apcu sino\u0107 je, u okviru &#8220;ve\u010deri Novog optimizma&#8221;, odr\u017eana tribina \u201eEkologija-zeleno i crno\u201c \u010diji\" \/>\n<meta property=\"og:url\" content=\"https:\/\/gradjanskipreokret.rs\/index.php\/2020\/09\/03\/zajedno-do-vode-i-da-smradovi-odu-predstavljeni-u-sapcu\/\" \/>\n<meta property=\"og:site_name\" content=\"Gra\u0111anski preokret\" \/>\n<meta property=\"article:publisher\" content=\"https:\/\/www.facebook.com\/gradjanskipreokret\/\" \/>\n<meta property=\"article:published_time\" content=\"2020-09-03T13:25:21+00:00\" \/>\n<meta property=\"article:modified_time\" content=\"2020-09-03T13:25:24+00:00\" \/>\n<meta property=\"og:image\" content=\"https:\/\/gradjanskipreokret.rs\/wp-content\/uploads\/2020\/09\/KokotSabac-1.jpg\" \/>\n\t<meta property=\"og:image:width\" content=\"945\" \/>\n\t<meta property=\"og:image:height\" content=\"749\" \/>\n\t<meta property=\"og:image:type\" content=\"image\/jpeg\" \/>\n<meta name=\"author\" content=\"Gra\u0111anski preokret\" \/>\n<meta name=\"twitter:card\" content=\"summary_large_image\" \/>\n<meta name=\"twitter:creator\" content=\"@gpreokret\" \/>\n<meta name=\"twitter:site\" content=\"@gpreokret\" \/>\n<meta name=\"twitter:label1\" content=\"Written by\" \/>\n\t<meta name=\"twitter:data1\" content=\"Gra\u0111anski preokret\" \/>\n\t<meta name=\"twitter:label2\" content=\"Est. reading time\" \/>\n\t<meta name=\"twitter:data2\" content=\"1 minute\" \/>\n<script type=\"application\/ld+json\" class=\"yoast-schema-graph\">{\"@context\":\"https:\/\/schema.org\",\"@graph\":[{\"@type\":\"Article\",\"@id\":\"https:\/\/gradjanskipreokret.rs\/index.php\/2020\/09\/03\/zajedno-do-vode-i-da-smradovi-odu-predstavljeni-u-sapcu\/#article\",\"isPartOf\":{\"@id\":\"https:\/\/gradjanskipreokret.rs\/index.php\/2020\/09\/03\/zajedno-do-vode-i-da-smradovi-odu-predstavljeni-u-sapcu\/\"},\"author\":{\"name\":\"Gra\u0111anski preokret\",\"@id\":\"https:\/\/gradjanskipreokret.rs\/#\/schema\/person\/0afc6a01a39afb1c9e2df1a5c7d7800d\"},\"headline\":\"&#8220;Zajedno do vode&#8221; i &#8220;Da smradovi odu&#8221; predstavljeni u \u0160apcu\",\"datePublished\":\"2020-09-03T13:25:21+00:00\",\"dateModified\":\"2020-09-03T13:25:24+00:00\",\"mainEntityOfPage\":{\"@id\":\"https:\/\/gradjanskipreokret.rs\/index.php\/2020\/09\/03\/zajedno-do-vode-i-da-smradovi-odu-predstavljeni-u-sapcu\/\"},\"wordCount\":168,\"publisher\":{\"@id\":\"https:\/\/gradjanskipreokret.rs\/#organization\"},\"image\":{\"@id\":\"https:\/\/gradjanskipreokret.rs\/index.php\/2020\/09\/03\/zajedno-do-vode-i-da-smradovi-odu-predstavljeni-u-sapcu\/#primaryimage\"},\"thumbnailUrl\":\"https:\/\/gradjanskipreokret.rs\/wp-content\/uploads\/2020\/09\/KokotSabac-1.jpg\",\"articleSection\":[\"Arhiva\",\"Vesti\",\"Zajedno do vode\"],\"inLanguage\":\"en-US\"},{\"@type\":\"WebPage\",\"@id\":\"https:\/\/gradjanskipreokret.rs\/index.php\/2020\/09\/03\/zajedno-do-vode-i-da-smradovi-odu-predstavljeni-u-sapcu\/\",\"url\":\"https:\/\/gradjanskipreokret.rs\/index.php\/2020\/09\/03\/zajedno-do-vode-i-da-smradovi-odu-predstavljeni-u-sapcu\/\",\"name\":\"\\\"Zajedno do vode\\\" i \\\"Da smradovi odu\\\" predstavljeni u \u0160apcu - Gra\u0111anski preokret\",\"isPartOf\":{\"@id\":\"https:\/\/gradjanskipreokret.rs\/#website\"},\"primaryImageOfPage\":{\"@id\":\"https:\/\/gradjanskipreokret.rs\/index.php\/2020\/09\/03\/zajedno-do-vode-i-da-smradovi-odu-predstavljeni-u-sapcu\/#primaryimage\"},\"image\":{\"@id\":\"https:\/\/gradjanskipreokret.rs\/index.php\/2020\/09\/03\/zajedno-do-vode-i-da-smradovi-odu-predstavljeni-u-sapcu\/#primaryimage\"},\"thumbnailUrl\":\"https:\/\/gradjanskipreokret.rs\/wp-content\/uploads\/2020\/09\/KokotSabac-1.jpg\",\"datePublished\":\"2020-09-03T13:25:21+00:00\",\"dateModified\":\"2020-09-03T13:25:24+00:00\",\"breadcrumb\":{\"@id\":\"https:\/\/gradjanskipreokret.rs\/index.php\/2020\/09\/03\/zajedno-do-vode-i-da-smradovi-odu-predstavljeni-u-sapcu\/#breadcrumb\"},\"inLanguage\":\"en-US\",\"potentialAction\":[{\"@type\":\"ReadAction\",\"target\":[\"https:\/\/gradjanskipreokret.rs\/index.php\/2020\/09\/03\/zajedno-do-vode-i-da-smradovi-odu-predstavljeni-u-sapcu\/\"]}]},{\"@type\":\"ImageObject\",\"inLanguage\":\"en-US\",\"@id\":\"https:\/\/gradjanskipreokret.rs\/index.php\/2020\/09\/03\/zajedno-do-vode-i-da-smradovi-odu-predstavljeni-u-sapcu\/#primaryimage\",\"url\":\"https:\/\/gradjanskipreokret.rs\/wp-content\/uploads\/2020\/09\/KokotSabac-1.jpg\",\"contentUrl\":\"https:\/\/gradjanskipreokret.rs\/wp-content\/uploads\/2020\/09\/KokotSabac-1.jpg\",\"width\":945,\"height\":749},{\"@type\":\"BreadcrumbList\",\"@id\":\"https:\/\/gradjanskipreokret.rs\/index.php\/2020\/09\/03\/zajedno-do-vode-i-da-smradovi-odu-predstavljeni-u-sapcu\/#breadcrumb\",\"itemListElement\":[{\"@type\":\"ListItem\",\"position\":1,\"name\":\"Home\",\"item\":\"https:\/\/gradjanskipreokret.rs\/\"},{\"@type\":\"ListItem\",\"position\":2,\"name\":\"&#8220;Zajedno do vode&#8221; i &#8220;Da smradovi odu&#8221; predstavljeni u \u0160apcu\"}]},{\"@type\":\"WebSite\",\"@id\":\"https:\/\/gradjanskipreokret.rs\/#website\",\"url\":\"https:\/\/gradjanskipreokret.rs\/\",\"name\":\"Gra\u0111anski preokret\",\"description\":\"Gradjanski preokret\",\"publisher\":{\"@id\":\"https:\/\/gradjanskipreokret.rs\/#organization\"},\"potentialAction\":[{\"@type\":\"SearchAction\",\"target\":{\"@type\":\"EntryPoint\",\"urlTemplate\":\"https:\/\/gradjanskipreokret.rs\/?s={search_term_string}\"},\"query-input\":{\"@type\":\"PropertyValueSpecification\",\"valueRequired\":true,\"valueName\":\"search_term_string\"}}],\"inLanguage\":\"en-US\"},{\"@type\":\"Organization\",\"@id\":\"https:\/\/gradjanskipreokret.rs\/#organization\",\"name\":\"Udru\u017eenje Gra\u0111anski preokret\",\"url\":\"https:\/\/gradjanskipreokret.rs\/\",\"logo\":{\"@type\":\"ImageObject\",\"inLanguage\":\"en-US\",\"@id\":\"https:\/\/gradjanskipreokret.rs\/#\/schema\/logo\/image\/\",\"url\":\"https:\/\/gradjanskipreokret.rs\/wp-content\/uploads\/2019\/03\/FB.png\",\"contentUrl\":\"https:\/\/gradjanskipreokret.rs\/wp-content\/uploads\/2019\/03\/FB.png\",\"width\":773,\"height\":461,\"caption\":\"Udru\u017eenje Gra\u0111anski preokret\"},\"image\":{\"@id\":\"https:\/\/gradjanskipreokret.rs\/#\/schema\/logo\/image\/\"},\"sameAs\":[\"https:\/\/www.facebook.com\/gradjanskipreokret\/\",\"https:\/\/x.com\/gpreokret\",\"https:\/\/www.youtube.com\/channel\/UCyEiTcJBTWEFn48AmyxAhsA\"]},{\"@type\":\"Person\",\"@id\":\"https:\/\/gradjanskipreokret.rs\/#\/schema\/person\/0afc6a01a39afb1c9e2df1a5c7d7800d\",\"name\":\"Gra\u0111anski preokret\",\"image\":{\"@type\":\"ImageObject\",\"inLanguage\":\"en-US\",\"@id\":\"https:\/\/gradjanskipreokret.rs\/#\/schema\/person\/image\/\",\"url\":\"https:\/\/secure.gravatar.com\/avatar\/4f775d6a27bef0662bf264239622d14941545c33046ddf7342be24dba39f1270?s=96&d=mm&r=g\",\"contentUrl\":\"https:\/\/secure.gravatar.com\/avatar\/4f775d6a27bef0662bf264239622d14941545c33046ddf7342be24dba39f1270?s=96&d=mm&r=g\",\"caption\":\"Gra\u0111anski preokret\"},\"sameAs\":[\"http:\/\/www.gradjanskipreokret.rs\"],\"url\":\"https:\/\/gradjanskipreokret.rs\/index.php\/author\/gradjan1\/\"}]}<\/script>\n<!-- \/ Yoast SEO plugin. -->","yoast_head_json":{"title":"\"Zajedno do vode\" i \"Da smradovi odu\" predstavljeni u \u0160apcu - Gra\u0111anski preokret","robots":{"index":"index","follow":"follow","max-snippet":"max-snippet:-1","max-image-preview":"max-image-preview:large","max-video-preview":"max-video-preview:-1"},"canonical":"https:\/\/gradjanskipreokret.rs\/index.php\/2020\/09\/03\/zajedno-do-vode-i-da-smradovi-odu-predstavljeni-u-sapcu\/","og_locale":"en_US","og_type":"article","og_title":"\"Zajedno do vode\" i \"Da smradovi odu\" predstavljeni u \u0160apcu - Gra\u0111anski preokret","og_description":"U prigodnom ambijentu Sava parka u \u0160apcu sino\u0107 je, u okviru &#8220;ve\u010deri Novog optimizma&#8221;, odr\u017eana tribina \u201eEkologija-zeleno i crno\u201c \u010diji","og_url":"https:\/\/gradjanskipreokret.rs\/index.php\/2020\/09\/03\/zajedno-do-vode-i-da-smradovi-odu-predstavljeni-u-sapcu\/","og_site_name":"Gra\u0111anski preokret","article_publisher":"https:\/\/www.facebook.com\/gradjanskipreokret\/","article_published_time":"2020-09-03T13:25:21+00:00","article_modified_time":"2020-09-03T13:25:24+00:00","og_image":[{"width":945,"height":749,"url":"https:\/\/gradjanskipreokret.rs\/wp-content\/uploads\/2020\/09\/KokotSabac-1.jpg","type":"image\/jpeg"}],"author":"Gra\u0111anski preokret","twitter_card":"summary_large_image","twitter_creator":"@gpreokret","twitter_site":"@gpreokret","twitter_misc":{"Written by":"Gra\u0111anski preokret","Est. reading time":"1 minute"},"schema":{"@context":"https:\/\/schema.org","@graph":[{"@type":"Article","@id":"https:\/\/gradjanskipreokret.rs\/index.php\/2020\/09\/03\/zajedno-do-vode-i-da-smradovi-odu-predstavljeni-u-sapcu\/#article","isPartOf":{"@id":"https:\/\/gradjanskipreokret.rs\/index.php\/2020\/09\/03\/zajedno-do-vode-i-da-smradovi-odu-predstavljeni-u-sapcu\/"},"author":{"name":"Gra\u0111anski preokret","@id":"https:\/\/gradjanskipreokret.rs\/#\/schema\/person\/0afc6a01a39afb1c9e2df1a5c7d7800d"},"headline":"&#8220;Zajedno do vode&#8221; i &#8220;Da smradovi odu&#8221; predstavljeni u \u0160apcu","datePublished":"2020-09-03T13:25:21+00:00","dateModified":"2020-09-03T13:25:24+00:00","mainEntityOfPage":{"@id":"https:\/\/gradjanskipreokret.rs\/index.php\/2020\/09\/03\/zajedno-do-vode-i-da-smradovi-odu-predstavljeni-u-sapcu\/"},"wordCount":168,"publisher":{"@id":"https:\/\/gradjanskipreokret.rs\/#organization"},"image":{"@id":"https:\/\/gradjanskipreokret.rs\/index.php\/2020\/09\/03\/zajedno-do-vode-i-da-smradovi-odu-predstavljeni-u-sapcu\/#primaryimage"},"thumbnailUrl":"https:\/\/gradjanskipreokret.rs\/wp-content\/uploads\/2020\/09\/KokotSabac-1.jpg","articleSection":["Arhiva","Vesti","Zajedno do vode"],"inLanguage":"en-US"},{"@type":"WebPage","@id":"https:\/\/gradjanskipreokret.rs\/index.php\/2020\/09\/03\/zajedno-do-vode-i-da-smradovi-odu-predstavljeni-u-sapcu\/","url":"https:\/\/gradjanskipreokret.rs\/index.php\/2020\/09\/03\/zajedno-do-vode-i-da-smradovi-odu-predstavljeni-u-sapcu\/","name":"\"Zajedno do vode\" i \"Da smradovi odu\" predstavljeni u \u0160apcu - Gra\u0111anski preokret","isPartOf":{"@id":"https:\/\/gradjanskipreokret.rs\/#website"},"primaryImageOfPage":{"@id":"https:\/\/gradjanskipreokret.rs\/index.php\/2020\/09\/03\/zajedno-do-vode-i-da-smradovi-odu-predstavljeni-u-sapcu\/#primaryimage"},"image":{"@id":"https:\/\/gradjanskipreokret.rs\/index.php\/2020\/09\/03\/zajedno-do-vode-i-da-smradovi-odu-predstavljeni-u-sapcu\/#primaryimage"},"thumbnailUrl":"https:\/\/gradjanskipreokret.rs\/wp-content\/uploads\/2020\/09\/KokotSabac-1.jpg","datePublished":"2020-09-03T13:25:21+00:00","dateModified":"2020-09-03T13:25:24+00:00","breadcrumb":{"@id":"https:\/\/gradjanskipreokret.rs\/index.php\/2020\/09\/03\/zajedno-do-vode-i-da-smradovi-odu-predstavljeni-u-sapcu\/#breadcrumb"},"inLanguage":"en-US","potentialAction":[{"@type":"ReadAction","target":["https:\/\/gradjanskipreokret.rs\/index.php\/2020\/09\/03\/zajedno-do-vode-i-da-smradovi-odu-predstavljeni-u-sapcu\/"]}]},{"@type":"ImageObject","inLanguage":"en-US","@id":"https:\/\/gradjanskipreokret.rs\/index.php\/2020\/09\/03\/zajedno-do-vode-i-da-smradovi-odu-predstavljeni-u-sapcu\/#primaryimage","url":"https:\/\/gradjanskipreokret.rs\/wp-content\/uploads\/2020\/09\/KokotSabac-1.jpg","contentUrl":"https:\/\/gradjanskipreokret.rs\/wp-content\/uploads\/2020\/09\/KokotSabac-1.jpg","width":945,"height":749},{"@type":"BreadcrumbList","@id":"https:\/\/gradjanskipreokret.rs\/index.php\/2020\/09\/03\/zajedno-do-vode-i-da-smradovi-odu-predstavljeni-u-sapcu\/#breadcrumb","itemListElement":[{"@type":"ListItem","position":1,"name":"Home","item":"https:\/\/gradjanskipreokret.rs\/"},{"@type":"ListItem","position":2,"name":"&#8220;Zajedno do vode&#8221; i &#8220;Da smradovi odu&#8221; predstavljeni u \u0160apcu"}]},{"@type":"WebSite","@id":"https:\/\/gradjanskipreokret.rs\/#website","url":"https:\/\/gradjanskipreokret.rs\/","name":"Gra\u0111anski preokret","description":"Gradjanski preokret","publisher":{"@id":"https:\/\/gradjanskipreokret.rs\/#organization"},"potentialAction":[{"@type":"SearchAction","target":{"@type":"EntryPoint","urlTemplate":"https:\/\/gradjanskipreokret.rs\/?s={search_term_string}"},"query-input":{"@type":"PropertyValueSpecification","valueRequired":true,"valueName":"search_term_string"}}],"inLanguage":"en-US"},{"@type":"Organization","@id":"https:\/\/gradjanskipreokret.rs\/#organization","name":"Udru\u017eenje Gra\u0111anski preokret","url":"https:\/\/gradjanskipreokret.rs\/","logo":{"@type":"ImageObject","inLanguage":"en-US","@id":"https:\/\/gradjanskipreokret.rs\/#\/schema\/logo\/image\/","url":"https:\/\/gradjanskipreokret.rs\/wp-content\/uploads\/2019\/03\/FB.png","contentUrl":"https:\/\/gradjanskipreokret.rs\/wp-content\/uploads\/2019\/03\/FB.png","width":773,"height":461,"caption":"Udru\u017eenje Gra\u0111anski preokret"},"image":{"@id":"https:\/\/gradjanskipreokret.rs\/#\/schema\/logo\/image\/"},"sameAs":["https:\/\/www.facebook.com\/gradjanskipreokret\/","https:\/\/x.com\/gpreokret","https:\/\/www.youtube.com\/channel\/UCyEiTcJBTWEFn48AmyxAhsA"]},{"@type":"Person","@id":"https:\/\/gradjanskipreokret.rs\/#\/schema\/person\/0afc6a01a39afb1c9e2df1a5c7d7800d","name":"Gra\u0111anski preokret","image":{"@type":"ImageObject","inLanguage":"en-US","@id":"https:\/\/gradjanskipreokret.rs\/#\/schema\/person\/image\/","url":"https:\/\/secure.gravatar.com\/avatar\/4f775d6a27bef0662bf264239622d14941545c33046ddf7342be24dba39f1270?s=96&d=mm&r=g","contentUrl":"https:\/\/secure.gravatar.com\/avatar\/4f775d6a27bef0662bf264239622d14941545c33046ddf7342be24dba39f1270?s=96&d=mm&r=g","caption":"Gra\u0111anski preokret"},"sameAs":["http:\/\/www.gradjanskipreokret.rs"],"url":"https:\/\/gradjanskipreokret.rs\/index.php\/author\/gradjan1\/"}]}},"_links":{"self":[{"href":"https:\/\/gradjanskipreokret.rs\/index.php\/wp-json\/wp\/v2\/posts\/1391","targetHints":{"allow":["GET"]}}],"collection":[{"href":"https:\/\/gradjanskipreokret.rs\/index.php\/wp-json\/wp\/v2\/posts"}],"about":[{"href":"https:\/\/gradjanskipreokret.rs\/index.php\/wp-json\/wp\/v2\/types\/post"}],"author":[{"embeddable":true,"href":"https:\/\/gradjanskipreokret.rs\/index.php\/wp-json\/wp\/v2\/users\/1"}],"replies":[{"embeddable":true,"href":"https:\/\/gradjanskipreokret.rs\/index.php\/wp-json\/wp\/v2\/comments?post=1391"}],"version-history":[{"count":2,"href":"https:\/\/gradjanskipreokret.rs\/index.php\/wp-json\/wp\/v2\/posts\/1391\/revisions"}],"predecessor-version":[{"id":1396,"href":"https:\/\/gradjanskipreokret.rs\/index.php\/wp-json\/wp\/v2\/posts\/1391\/revisions\/1396"}],"wp:featuredmedia":[{"embeddable":true,"href":"https:\/\/gradjanskipreokret.rs\/index.php\/wp-json\/wp\/v2\/media\/1393"}],"wp:attachment":[{"href":"https:\/\/gradjanskipreokret.rs\/index.php\/wp-json\/wp\/v2\/media?parent=1391"}],"wp:term":[{"taxonomy":"category","embeddable":true,"href":"https:\/\/gradjanskipreokret.rs\/index.php\/wp-json\/wp\/v2\/categories?post=1391"},{"taxonomy":"post_tag","embeddable":true,"href":"https:\/\/gradjanskipreokret.rs\/index.php\/wp-json\/wp\/v2\/tags?post=1391"}],"curies":[{"name":"wp","href":"https:\/\/api.w.org\/{rel}","templated":true}]}}