{"id":1312,"date":"2020-07-17T09:33:58","date_gmt":"2020-07-17T07:33:58","guid":{"rendered":"https:\/\/gradjanskipreokret.rs\/?p=1312"},"modified":"2020-07-17T09:34:02","modified_gmt":"2020-07-17T07:34:02","slug":"udruzeni-gradanski-pokreti-ugp-pozivaju-civilni-sektor-da-predvodi-promene-u-srbiji","status":"publish","type":"post","link":"https:\/\/gradjanskipreokret.rs\/index.php\/2020\/07\/17\/udruzeni-gradanski-pokreti-ugp-pozivaju-civilni-sektor-da-predvodi-promene-u-srbiji\/","title":{"rendered":"Udru\u017eeni gra\u0111anski pokreti (UGP) pozivaju civilni sektor da predvodi promene u Srbiji"},"content":{"rendered":"\n<p>Udru\u017eeni gra\u0111anski pokreti (UGP) uputili su danas poziv udru\u017eenjima, asocijacijama udru\u017eenja i gra\u0111anskim inicijativama da se okupe i da kao najzdravije, najdelatnije i najkredibilnije tkivo dru\u0161tva sa\u010dine zajedni\u010dki program za promenu postoje\u0107eg politi\u010dkog sistema i aktuelne vlasti.<br>Tekst poziva u celini glasi:<\/p>\n\n\n\n<p>U nameri da doprinesu smanjenju dru\u0161tvenih konflikata i narastaju\u0107eg verbalnog i fizi\u010dkog nasilja u dru\u0161tvu;<br>Imaju\u0107i u vidu izra\u017eene prepreke dru\u0161tvenom razvoju, politi\u010dko-pravnoj reformi i humanom preporodu;<br>Smatraju\u0107i da su civilne inicijative u ovom trenutku najzdravije, najdelatnije i najkredibilnije tkivo dru\u0161tva;<br>Sagledavaju\u0107i da politi\u010dke stranke i njihovi savezi u du\u017eem vremenskom periodu nude re\u0161enja koja ne dovode u pitanje postoje\u0107i politi\u010dki poredak i ne ugro\u017eavaju aktuelnu vlast na efikasan na\u010din, Udru\u017eeni gra\u0111anski pokreti (UGP) upu\u0107uju<br><br>POZIV ZA OKUPLJANJE GRA\u0110ANSKIH UDRU\u017dENJA, ASOCIJACIJA I INICIJATIVA OKO ZAJEDNI\u010cKOG PROGRAMA ZA PROMENU POSTOJE\u0106EG POLITI\u010cKOG SISTEMA I AKTUELNE VLASTI<\/p>\n\n\n\n<p>I Civilnim inicijativama smatramo sve formalne i neformalne grupe, udru\u017eenja, pokrete i asocijacije koje za predmet delovanja imaju dru\u0161tvene teme \u0161ireg ili u\u017eeg politi\u010dkog spektra, a deluju u op\u0161tem interesu gra\u0111ana i sa op\u0161tim ili specifi\u010dnim ciljevima koji se odnose na politi\u010dku i institucionalnu reformu, suzbijanje korupcije i svih vidova diskriminacije, za\u0161titu prava i sloboda \u010doveka i gra\u0111anina, unapre\u0111enje socijalnih i srodnih prava, za\u0161titu prirodnih i drugih resursa od op\u0161teg zna\u010daja.<\/p>\n\n\n\n<p>II Pod okupljanjem podrazumevamo sa\u010dinjavanje zajedni\u010dkog programa za prakti\u010dnu realizaciju i ostvarenje vrednosti za koje se zala\u017eemo, a koji treba da dovede do istovremene promene postoje\u0107eg politi\u010dkog sistema i aktuelne vlasti.<\/p>\n\n\n\n<p>III Okupljanje oko zajedni\u010dkog programa neophodan je preduslov prevazila\u017eenja partikularnosti i velikog, ali difuznog nezadovoljstva postoje\u0107im stanjem u dru\u0161tvu.<\/p>\n\n\n\n<p>IV Gra\u0111anske i srodne inicijative su u svojim sredinama ili u svom delokrugu anga\u017eovanja pokazale istrajnost, kredibilnost i kompetencije, ali za stavljanje na \u010delo dru\u0161tvenog i sistemskog preobra\u017eaja koje smatramo klju\u010dnim, potrebno je udru\u017eiti snage, znanje i aktivizam.<\/p>\n\n\n\n<p>U Srbiji, 17. jula 2020. godine<br>UDRU\u017dENI GRA\u0110ANSKI POKRETI:<br>Gra\u0111anski preokret<br>Jasno i glasno<br>Pravo na pravo<br>Samo lokalno<br>Lokalna alternativa<\/p>\n","protected":false},"excerpt":{"rendered":"<p>Udru\u017eeni gra\u0111anski pokreti (UGP) uputili su danas poziv udru\u017eenjima, asocijacijama udru\u017eenja i gra\u0111anskim inicijativama da se okupe i da kao<\/p>\n","protected":false},"author":1,"featured_media":1314,"comment_status":"closed","ping_status":"open","sticky":false,"template":"","format":"standard","meta":{"footnotes":""},"categories":[14,10],"tags":[],"class_list":["post-1312","post","type-post","status-publish","format-standard","has-post-thumbnail","hentry","category-arhiva","category-vesti"],"yoast_head":"<!-- This site is optimized with the Yoast SEO plugin v26.3 - https:\/\/yoast.com\/wordpress\/plugins\/seo\/ -->\n<title>Udru\u017eeni gra\u0111anski pokreti (UGP) pozivaju civilni sektor da predvodi promene u Srbiji - Gra\u0111anski preokret<\/title>\n<meta name=\"robots\" content=\"index, follow, max-snippet:-1, max-image-preview:large, max-video-preview:-1\" \/>\n<link rel=\"canonical\" href=\"https:\/\/gradjanskipreokret.rs\/index.php\/2020\/07\/17\/udruzeni-gradanski-pokreti-ugp-pozivaju-civilni-sektor-da-predvodi-promene-u-srbiji\/\" \/>\n<meta property=\"og:locale\" content=\"en_US\" \/>\n<meta property=\"og:type\" content=\"article\" \/>\n<meta property=\"og:title\" content=\"Udru\u017eeni gra\u0111anski pokreti (UGP) pozivaju civilni sektor da predvodi promene u Srbiji - Gra\u0111anski preokret\" \/>\n<meta property=\"og:description\" content=\"Udru\u017eeni gra\u0111anski pokreti (UGP) uputili su danas poziv udru\u017eenjima, asocijacijama udru\u017eenja i gra\u0111anskim inicijativama da se okupe i da kao\" \/>\n<meta property=\"og:url\" content=\"https:\/\/gradjanskipreokret.rs\/index.php\/2020\/07\/17\/udruzeni-gradanski-pokreti-ugp-pozivaju-civilni-sektor-da-predvodi-promene-u-srbiji\/\" \/>\n<meta property=\"og:site_name\" content=\"Gra\u0111anski preokret\" \/>\n<meta property=\"article:publisher\" content=\"https:\/\/www.facebook.com\/gradjanskipreokret\/\" \/>\n<meta property=\"article:published_time\" content=\"2020-07-17T07:33:58+00:00\" \/>\n<meta property=\"article:modified_time\" content=\"2020-07-17T07:34:02+00:00\" \/>\n<meta property=\"og:image\" content=\"https:\/\/gradjanskipreokret.rs\/wp-content\/uploads\/2020\/07\/udruzivanje1.jpg\" \/>\n\t<meta property=\"og:image:width\" content=\"671\" \/>\n\t<meta property=\"og:image:height\" content=\"309\" \/>\n\t<meta property=\"og:image:type\" content=\"image\/jpeg\" \/>\n<meta name=\"author\" content=\"Gra\u0111anski preokret\" \/>\n<meta name=\"twitter:card\" content=\"summary_large_image\" \/>\n<meta name=\"twitter:creator\" content=\"@gpreokret\" \/>\n<meta name=\"twitter:site\" content=\"@gpreokret\" \/>\n<meta name=\"twitter:label1\" content=\"Written by\" \/>\n\t<meta name=\"twitter:data1\" content=\"Gra\u0111anski preokret\" \/>\n\t<meta name=\"twitter:label2\" content=\"Est. reading time\" \/>\n\t<meta name=\"twitter:data2\" content=\"2 minutes\" \/>\n<script type=\"application\/ld+json\" class=\"yoast-schema-graph\">{\"@context\":\"https:\/\/schema.org\",\"@graph\":[{\"@type\":\"Article\",\"@id\":\"https:\/\/gradjanskipreokret.rs\/index.php\/2020\/07\/17\/udruzeni-gradanski-pokreti-ugp-pozivaju-civilni-sektor-da-predvodi-promene-u-srbiji\/#article\",\"isPartOf\":{\"@id\":\"https:\/\/gradjanskipreokret.rs\/index.php\/2020\/07\/17\/udruzeni-gradanski-pokreti-ugp-pozivaju-civilni-sektor-da-predvodi-promene-u-srbiji\/\"},\"author\":{\"name\":\"Gra\u0111anski preokret\",\"@id\":\"https:\/\/gradjanskipreokret.rs\/#\/schema\/person\/0afc6a01a39afb1c9e2df1a5c7d7800d\"},\"headline\":\"Udru\u017eeni gra\u0111anski pokreti (UGP) pozivaju civilni sektor da predvodi promene u Srbiji\",\"datePublished\":\"2020-07-17T07:33:58+00:00\",\"dateModified\":\"2020-07-17T07:34:02+00:00\",\"mainEntityOfPage\":{\"@id\":\"https:\/\/gradjanskipreokret.rs\/index.php\/2020\/07\/17\/udruzeni-gradanski-pokreti-ugp-pozivaju-civilni-sektor-da-predvodi-promene-u-srbiji\/\"},\"wordCount\":393,\"publisher\":{\"@id\":\"https:\/\/gradjanskipreokret.rs\/#organization\"},\"image\":{\"@id\":\"https:\/\/gradjanskipreokret.rs\/index.php\/2020\/07\/17\/udruzeni-gradanski-pokreti-ugp-pozivaju-civilni-sektor-da-predvodi-promene-u-srbiji\/#primaryimage\"},\"thumbnailUrl\":\"https:\/\/gradjanskipreokret.rs\/wp-content\/uploads\/2020\/07\/udruzivanje1.jpg\",\"articleSection\":[\"Arhiva\",\"Vesti\"],\"inLanguage\":\"en-US\"},{\"@type\":\"WebPage\",\"@id\":\"https:\/\/gradjanskipreokret.rs\/index.php\/2020\/07\/17\/udruzeni-gradanski-pokreti-ugp-pozivaju-civilni-sektor-da-predvodi-promene-u-srbiji\/\",\"url\":\"https:\/\/gradjanskipreokret.rs\/index.php\/2020\/07\/17\/udruzeni-gradanski-pokreti-ugp-pozivaju-civilni-sektor-da-predvodi-promene-u-srbiji\/\",\"name\":\"Udru\u017eeni gra\u0111anski pokreti (UGP) pozivaju civilni sektor da predvodi promene u Srbiji - Gra\u0111anski preokret\",\"isPartOf\":{\"@id\":\"https:\/\/gradjanskipreokret.rs\/#website\"},\"primaryImageOfPage\":{\"@id\":\"https:\/\/gradjanskipreokret.rs\/index.php\/2020\/07\/17\/udruzeni-gradanski-pokreti-ugp-pozivaju-civilni-sektor-da-predvodi-promene-u-srbiji\/#primaryimage\"},\"image\":{\"@id\":\"https:\/\/gradjanskipreokret.rs\/index.php\/2020\/07\/17\/udruzeni-gradanski-pokreti-ugp-pozivaju-civilni-sektor-da-predvodi-promene-u-srbiji\/#primaryimage\"},\"thumbnailUrl\":\"https:\/\/gradjanskipreokret.rs\/wp-content\/uploads\/2020\/07\/udruzivanje1.jpg\",\"datePublished\":\"2020-07-17T07:33:58+00:00\",\"dateModified\":\"2020-07-17T07:34:02+00:00\",\"breadcrumb\":{\"@id\":\"https:\/\/gradjanskipreokret.rs\/index.php\/2020\/07\/17\/udruzeni-gradanski-pokreti-ugp-pozivaju-civilni-sektor-da-predvodi-promene-u-srbiji\/#breadcrumb\"},\"inLanguage\":\"en-US\",\"potentialAction\":[{\"@type\":\"ReadAction\",\"target\":[\"https:\/\/gradjanskipreokret.rs\/index.php\/2020\/07\/17\/udruzeni-gradanski-pokreti-ugp-pozivaju-civilni-sektor-da-predvodi-promene-u-srbiji\/\"]}]},{\"@type\":\"ImageObject\",\"inLanguage\":\"en-US\",\"@id\":\"https:\/\/gradjanskipreokret.rs\/index.php\/2020\/07\/17\/udruzeni-gradanski-pokreti-ugp-pozivaju-civilni-sektor-da-predvodi-promene-u-srbiji\/#primaryimage\",\"url\":\"https:\/\/gradjanskipreokret.rs\/wp-content\/uploads\/2020\/07\/udruzivanje1.jpg\",\"contentUrl\":\"https:\/\/gradjanskipreokret.rs\/wp-content\/uploads\/2020\/07\/udruzivanje1.jpg\",\"width\":671,\"height\":309},{\"@type\":\"BreadcrumbList\",\"@id\":\"https:\/\/gradjanskipreokret.rs\/index.php\/2020\/07\/17\/udruzeni-gradanski-pokreti-ugp-pozivaju-civilni-sektor-da-predvodi-promene-u-srbiji\/#breadcrumb\",\"itemListElement\":[{\"@type\":\"ListItem\",\"position\":1,\"name\":\"Home\",\"item\":\"https:\/\/gradjanskipreokret.rs\/\"},{\"@type\":\"ListItem\",\"position\":2,\"name\":\"Udru\u017eeni gra\u0111anski pokreti (UGP) pozivaju civilni sektor da predvodi promene u Srbiji\"}]},{\"@type\":\"WebSite\",\"@id\":\"https:\/\/gradjanskipreokret.rs\/#website\",\"url\":\"https:\/\/gradjanskipreokret.rs\/\",\"name\":\"Gra\u0111anski preokret\",\"description\":\"Gradjanski preokret\",\"publisher\":{\"@id\":\"https:\/\/gradjanskipreokret.rs\/#organization\"},\"potentialAction\":[{\"@type\":\"SearchAction\",\"target\":{\"@type\":\"EntryPoint\",\"urlTemplate\":\"https:\/\/gradjanskipreokret.rs\/?s={search_term_string}\"},\"query-input\":{\"@type\":\"PropertyValueSpecification\",\"valueRequired\":true,\"valueName\":\"search_term_string\"}}],\"inLanguage\":\"en-US\"},{\"@type\":\"Organization\",\"@id\":\"https:\/\/gradjanskipreokret.rs\/#organization\",\"name\":\"Udru\u017eenje Gra\u0111anski preokret\",\"url\":\"https:\/\/gradjanskipreokret.rs\/\",\"logo\":{\"@type\":\"ImageObject\",\"inLanguage\":\"en-US\",\"@id\":\"https:\/\/gradjanskipreokret.rs\/#\/schema\/logo\/image\/\",\"url\":\"https:\/\/gradjanskipreokret.rs\/wp-content\/uploads\/2019\/03\/FB.png\",\"contentUrl\":\"https:\/\/gradjanskipreokret.rs\/wp-content\/uploads\/2019\/03\/FB.png\",\"width\":773,\"height\":461,\"caption\":\"Udru\u017eenje Gra\u0111anski preokret\"},\"image\":{\"@id\":\"https:\/\/gradjanskipreokret.rs\/#\/schema\/logo\/image\/\"},\"sameAs\":[\"https:\/\/www.facebook.com\/gradjanskipreokret\/\",\"https:\/\/x.com\/gpreokret\",\"https:\/\/www.youtube.com\/channel\/UCyEiTcJBTWEFn48AmyxAhsA\"]},{\"@type\":\"Person\",\"@id\":\"https:\/\/gradjanskipreokret.rs\/#\/schema\/person\/0afc6a01a39afb1c9e2df1a5c7d7800d\",\"name\":\"Gra\u0111anski preokret\",\"image\":{\"@type\":\"ImageObject\",\"inLanguage\":\"en-US\",\"@id\":\"https:\/\/gradjanskipreokret.rs\/#\/schema\/person\/image\/\",\"url\":\"https:\/\/secure.gravatar.com\/avatar\/4f775d6a27bef0662bf264239622d14941545c33046ddf7342be24dba39f1270?s=96&d=mm&r=g\",\"contentUrl\":\"https:\/\/secure.gravatar.com\/avatar\/4f775d6a27bef0662bf264239622d14941545c33046ddf7342be24dba39f1270?s=96&d=mm&r=g\",\"caption\":\"Gra\u0111anski preokret\"},\"sameAs\":[\"http:\/\/www.gradjanskipreokret.rs\"],\"url\":\"https:\/\/gradjanskipreokret.rs\/index.php\/author\/gradjan1\/\"}]}<\/script>\n<!-- \/ Yoast SEO plugin. -->","yoast_head_json":{"title":"Udru\u017eeni gra\u0111anski pokreti (UGP) pozivaju civilni sektor da predvodi promene u Srbiji - Gra\u0111anski preokret","robots":{"index":"index","follow":"follow","max-snippet":"max-snippet:-1","max-image-preview":"max-image-preview:large","max-video-preview":"max-video-preview:-1"},"canonical":"https:\/\/gradjanskipreokret.rs\/index.php\/2020\/07\/17\/udruzeni-gradanski-pokreti-ugp-pozivaju-civilni-sektor-da-predvodi-promene-u-srbiji\/","og_locale":"en_US","og_type":"article","og_title":"Udru\u017eeni gra\u0111anski pokreti (UGP) pozivaju civilni sektor da predvodi promene u Srbiji - Gra\u0111anski preokret","og_description":"Udru\u017eeni gra\u0111anski pokreti (UGP) uputili su danas poziv udru\u017eenjima, asocijacijama udru\u017eenja i gra\u0111anskim inicijativama da se okupe i da kao","og_url":"https:\/\/gradjanskipreokret.rs\/index.php\/2020\/07\/17\/udruzeni-gradanski-pokreti-ugp-pozivaju-civilni-sektor-da-predvodi-promene-u-srbiji\/","og_site_name":"Gra\u0111anski preokret","article_publisher":"https:\/\/www.facebook.com\/gradjanskipreokret\/","article_published_time":"2020-07-17T07:33:58+00:00","article_modified_time":"2020-07-17T07:34:02+00:00","og_image":[{"width":671,"height":309,"url":"https:\/\/gradjanskipreokret.rs\/wp-content\/uploads\/2020\/07\/udruzivanje1.jpg","type":"image\/jpeg"}],"author":"Gra\u0111anski preokret","twitter_card":"summary_large_image","twitter_creator":"@gpreokret","twitter_site":"@gpreokret","twitter_misc":{"Written by":"Gra\u0111anski preokret","Est. reading time":"2 minutes"},"schema":{"@context":"https:\/\/schema.org","@graph":[{"@type":"Article","@id":"https:\/\/gradjanskipreokret.rs\/index.php\/2020\/07\/17\/udruzeni-gradanski-pokreti-ugp-pozivaju-civilni-sektor-da-predvodi-promene-u-srbiji\/#article","isPartOf":{"@id":"https:\/\/gradjanskipreokret.rs\/index.php\/2020\/07\/17\/udruzeni-gradanski-pokreti-ugp-pozivaju-civilni-sektor-da-predvodi-promene-u-srbiji\/"},"author":{"name":"Gra\u0111anski preokret","@id":"https:\/\/gradjanskipreokret.rs\/#\/schema\/person\/0afc6a01a39afb1c9e2df1a5c7d7800d"},"headline":"Udru\u017eeni gra\u0111anski pokreti (UGP) pozivaju civilni sektor da predvodi promene u Srbiji","datePublished":"2020-07-17T07:33:58+00:00","dateModified":"2020-07-17T07:34:02+00:00","mainEntityOfPage":{"@id":"https:\/\/gradjanskipreokret.rs\/index.php\/2020\/07\/17\/udruzeni-gradanski-pokreti-ugp-pozivaju-civilni-sektor-da-predvodi-promene-u-srbiji\/"},"wordCount":393,"publisher":{"@id":"https:\/\/gradjanskipreokret.rs\/#organization"},"image":{"@id":"https:\/\/gradjanskipreokret.rs\/index.php\/2020\/07\/17\/udruzeni-gradanski-pokreti-ugp-pozivaju-civilni-sektor-da-predvodi-promene-u-srbiji\/#primaryimage"},"thumbnailUrl":"https:\/\/gradjanskipreokret.rs\/wp-content\/uploads\/2020\/07\/udruzivanje1.jpg","articleSection":["Arhiva","Vesti"],"inLanguage":"en-US"},{"@type":"WebPage","@id":"https:\/\/gradjanskipreokret.rs\/index.php\/2020\/07\/17\/udruzeni-gradanski-pokreti-ugp-pozivaju-civilni-sektor-da-predvodi-promene-u-srbiji\/","url":"https:\/\/gradjanskipreokret.rs\/index.php\/2020\/07\/17\/udruzeni-gradanski-pokreti-ugp-pozivaju-civilni-sektor-da-predvodi-promene-u-srbiji\/","name":"Udru\u017eeni gra\u0111anski pokreti (UGP) pozivaju civilni sektor da predvodi promene u Srbiji - Gra\u0111anski preokret","isPartOf":{"@id":"https:\/\/gradjanskipreokret.rs\/#website"},"primaryImageOfPage":{"@id":"https:\/\/gradjanskipreokret.rs\/index.php\/2020\/07\/17\/udruzeni-gradanski-pokreti-ugp-pozivaju-civilni-sektor-da-predvodi-promene-u-srbiji\/#primaryimage"},"image":{"@id":"https:\/\/gradjanskipreokret.rs\/index.php\/2020\/07\/17\/udruzeni-gradanski-pokreti-ugp-pozivaju-civilni-sektor-da-predvodi-promene-u-srbiji\/#primaryimage"},"thumbnailUrl":"https:\/\/gradjanskipreokret.rs\/wp-content\/uploads\/2020\/07\/udruzivanje1.jpg","datePublished":"2020-07-17T07:33:58+00:00","dateModified":"2020-07-17T07:34:02+00:00","breadcrumb":{"@id":"https:\/\/gradjanskipreokret.rs\/index.php\/2020\/07\/17\/udruzeni-gradanski-pokreti-ugp-pozivaju-civilni-sektor-da-predvodi-promene-u-srbiji\/#breadcrumb"},"inLanguage":"en-US","potentialAction":[{"@type":"ReadAction","target":["https:\/\/gradjanskipreokret.rs\/index.php\/2020\/07\/17\/udruzeni-gradanski-pokreti-ugp-pozivaju-civilni-sektor-da-predvodi-promene-u-srbiji\/"]}]},{"@type":"ImageObject","inLanguage":"en-US","@id":"https:\/\/gradjanskipreokret.rs\/index.php\/2020\/07\/17\/udruzeni-gradanski-pokreti-ugp-pozivaju-civilni-sektor-da-predvodi-promene-u-srbiji\/#primaryimage","url":"https:\/\/gradjanskipreokret.rs\/wp-content\/uploads\/2020\/07\/udruzivanje1.jpg","contentUrl":"https:\/\/gradjanskipreokret.rs\/wp-content\/uploads\/2020\/07\/udruzivanje1.jpg","width":671,"height":309},{"@type":"BreadcrumbList","@id":"https:\/\/gradjanskipreokret.rs\/index.php\/2020\/07\/17\/udruzeni-gradanski-pokreti-ugp-pozivaju-civilni-sektor-da-predvodi-promene-u-srbiji\/#breadcrumb","itemListElement":[{"@type":"ListItem","position":1,"name":"Home","item":"https:\/\/gradjanskipreokret.rs\/"},{"@type":"ListItem","position":2,"name":"Udru\u017eeni gra\u0111anski pokreti (UGP) pozivaju civilni sektor da predvodi promene u Srbiji"}]},{"@type":"WebSite","@id":"https:\/\/gradjanskipreokret.rs\/#website","url":"https:\/\/gradjanskipreokret.rs\/","name":"Gra\u0111anski preokret","description":"Gradjanski preokret","publisher":{"@id":"https:\/\/gradjanskipreokret.rs\/#organization"},"potentialAction":[{"@type":"SearchAction","target":{"@type":"EntryPoint","urlTemplate":"https:\/\/gradjanskipreokret.rs\/?s={search_term_string}"},"query-input":{"@type":"PropertyValueSpecification","valueRequired":true,"valueName":"search_term_string"}}],"inLanguage":"en-US"},{"@type":"Organization","@id":"https:\/\/gradjanskipreokret.rs\/#organization","name":"Udru\u017eenje Gra\u0111anski preokret","url":"https:\/\/gradjanskipreokret.rs\/","logo":{"@type":"ImageObject","inLanguage":"en-US","@id":"https:\/\/gradjanskipreokret.rs\/#\/schema\/logo\/image\/","url":"https:\/\/gradjanskipreokret.rs\/wp-content\/uploads\/2019\/03\/FB.png","contentUrl":"https:\/\/gradjanskipreokret.rs\/wp-content\/uploads\/2019\/03\/FB.png","width":773,"height":461,"caption":"Udru\u017eenje Gra\u0111anski preokret"},"image":{"@id":"https:\/\/gradjanskipreokret.rs\/#\/schema\/logo\/image\/"},"sameAs":["https:\/\/www.facebook.com\/gradjanskipreokret\/","https:\/\/x.com\/gpreokret","https:\/\/www.youtube.com\/channel\/UCyEiTcJBTWEFn48AmyxAhsA"]},{"@type":"Person","@id":"https:\/\/gradjanskipreokret.rs\/#\/schema\/person\/0afc6a01a39afb1c9e2df1a5c7d7800d","name":"Gra\u0111anski preokret","image":{"@type":"ImageObject","inLanguage":"en-US","@id":"https:\/\/gradjanskipreokret.rs\/#\/schema\/person\/image\/","url":"https:\/\/secure.gravatar.com\/avatar\/4f775d6a27bef0662bf264239622d14941545c33046ddf7342be24dba39f1270?s=96&d=mm&r=g","contentUrl":"https:\/\/secure.gravatar.com\/avatar\/4f775d6a27bef0662bf264239622d14941545c33046ddf7342be24dba39f1270?s=96&d=mm&r=g","caption":"Gra\u0111anski preokret"},"sameAs":["http:\/\/www.gradjanskipreokret.rs"],"url":"https:\/\/gradjanskipreokret.rs\/index.php\/author\/gradjan1\/"}]}},"_links":{"self":[{"href":"https:\/\/gradjanskipreokret.rs\/index.php\/wp-json\/wp\/v2\/posts\/1312","targetHints":{"allow":["GET"]}}],"collection":[{"href":"https:\/\/gradjanskipreokret.rs\/index.php\/wp-json\/wp\/v2\/posts"}],"about":[{"href":"https:\/\/gradjanskipreokret.rs\/index.php\/wp-json\/wp\/v2\/types\/post"}],"author":[{"embeddable":true,"href":"https:\/\/gradjanskipreokret.rs\/index.php\/wp-json\/wp\/v2\/users\/1"}],"replies":[{"embeddable":true,"href":"https:\/\/gradjanskipreokret.rs\/index.php\/wp-json\/wp\/v2\/comments?post=1312"}],"version-history":[{"count":1,"href":"https:\/\/gradjanskipreokret.rs\/index.php\/wp-json\/wp\/v2\/posts\/1312\/revisions"}],"predecessor-version":[{"id":1313,"href":"https:\/\/gradjanskipreokret.rs\/index.php\/wp-json\/wp\/v2\/posts\/1312\/revisions\/1313"}],"wp:featuredmedia":[{"embeddable":true,"href":"https:\/\/gradjanskipreokret.rs\/index.php\/wp-json\/wp\/v2\/media\/1314"}],"wp:attachment":[{"href":"https:\/\/gradjanskipreokret.rs\/index.php\/wp-json\/wp\/v2\/media?parent=1312"}],"wp:term":[{"taxonomy":"category","embeddable":true,"href":"https:\/\/gradjanskipreokret.rs\/index.php\/wp-json\/wp\/v2\/categories?post=1312"},{"taxonomy":"post_tag","embeddable":true,"href":"https:\/\/gradjanskipreokret.rs\/index.php\/wp-json\/wp\/v2\/tags?post=1312"}],"curies":[{"name":"wp","href":"https:\/\/api.w.org\/{rel}","templated":true}]}}