{"id":1103,"date":"2020-06-06T10:21:57","date_gmt":"2020-06-06T08:21:57","guid":{"rendered":"https:\/\/gradjanskipreokret.rs\/?p=1103"},"modified":"2021-06-19T13:35:34","modified_gmt":"2021-06-19T11:35:34","slug":"uvek-po-redu-voznje","status":"publish","type":"post","link":"https:\/\/gradjanskipreokret.rs\/index.php\/2020\/06\/06\/uvek-po-redu-voznje\/","title":{"rendered":"\u201eUVEK PO REDU VO\u017dNJE\u201c"},"content":{"rendered":"\n<p><strong>Autorski tekst Dragane Popovi\u0107<\/strong> o gradskom javnom prevozu u Zrenjaninu<\/p>\n\n\n\n<p>U eri informacija, interneta i pre svega brzog \u017eivota, ako\n\u017eelite da koristite gradski prevoz u Zrenjaninu, morate biti ili baba Vanga ili\nda se koristite onom starom varijantom preno\u0161enja informacija s kolena na\nkoleno. E sad, ko je meni kriv, pa se nisam rodila u Zrenjaninu i nisam nau\u010dila\nod svoje babe koje linije postoje, kuda idu, gde su stanice i kako uop\u0161te da\niza\u0111em iz tog autobusa ako ve\u0107 niko drugi ne izlazi na istoj stanici?<\/p>\n\n\n\n<div class=\"wp-block-image\"><figure class=\"aligncenter\"><img loading=\"lazy\" decoding=\"async\" width=\"610\" height=\"344\" src=\"https:\/\/gradjanskipreokret.rs\/wp-content\/uploads\/2020\/06\/Autobuske_linije_02.jpg\" alt=\"\" class=\"wp-image-1107\" srcset=\"https:\/\/gradjanskipreokret.rs\/wp-content\/uploads\/2020\/06\/Autobuske_linije_02.jpg 610w, https:\/\/gradjanskipreokret.rs\/wp-content\/uploads\/2020\/06\/Autobuske_linije_02-300x169.jpg 300w\" sizes=\"auto, (max-width: 610px) 100vw, 610px\" \/><\/figure><\/div>\n\n\n\n<p>Prolazi vreme, a ja polako u\u010dim gde staje autobus u kraju u\nkom sada \u017eivim. To stajali\u0161te sam nazvala \u201eKOD KAMENA\u201c. Tako su mi objasnili\nneki ljudi koji su znali \u010dak i vreme kada bi trebalo autobus tuda da pro\u0111e. Na\n\u017ealost, pokazalo se da je TAXI stanica u blizini \u201enikla\u201c s razlogom. Malo,\nmalo, pa umesto 60 dinara, prevr\u0107em po d\u017eepovima za jo\u0161 malo ke\u0161a za taksi. A\nni tih 60 dinara se nije u d\u017eepu stvorilo niotkuda. U\u0111em u jednu prodavnicu,\nnemaju da rasitne. U\u0111em u drugu, moram ne\u0161to prvo da kupim, pa onda kalkuli\u0161em\nkako da mi u rukama ostane sitno tih 60 dinara. Jednom sam videla da je voza\u010d\nvratio kusur. Uau! Ponadala sam se da ono \u201espremite sitan novac\u201c zaista jeste\nsamo molba i da mi je baba Vanga pogre\u0161no dojavila da MORAM da pripremim sitan\nnovac. Na \u017ealost, ve\u0107 pri slede\u0107oj vo\u017enji, bila sam svedok \u201eribanja\u201c putnice\nkoja nije uradila doma\u0107i zadatak. Tada je karta ko\u0161tala 60 dinara. I hop,\njednog dana, a nisam jo\u0161 stigla da saznam od baba Vange za tu sitnu promenu\ncene, voza\u010d tra\u017ei jo\u0161 10 dinara. Znam ja da bi me voza\u010d vozio i bez karte, ali\nblam! Kopam po d\u017eepovima i na\u0111em dva petoparca. Sedam na sedi\u0161te i u panici\nuzimam telefon kako bih prona\u0161la na nekim lokalnim portalima informaciju o\npromeni cene prevoza i ni\u0161ta. Muk. Tek sutradan, posle pritu\u017ebi gra\u0111ana, u\nvestima se pojavljuje ova informacija.<\/p>\n\n\n\n<p>A pre par godina (2017.) revolucionarno su najavljene promene mar\u0161ruta nekih linija. Na primer br. 4 kre\u0107e sa Kolonije i preko autobuske stanice ide do bolnice i nazad. Ljudi vole promene, ako im se te promene jasno objasne i ako imaju nekog smisla. Za mene to je bila idealna veza sa autobuskom stanicom jer ba\u0161 \u010desto putujem. Stajali\u0161ta su bila ucrtana u planu, tako da je jedno bilo na mestu na kom ranije nije postojalo. \u010citavih mesec dana sam posmatarala to mesto i o\u010dekivala neko obele\u017eje, sve dok mi opet baba Vanga nije otkrila da ta promena ne postoji i da autobus uop\u0161te tuda ne prolazi. Neko bi pomislio da je baba Vanga ba\u0161 uspe\u0161na u svom poslu ili da makar zna gde da se informi\u0161e, ali ne. Razlog za to je veoma prakti\u010dan: sela je u autobus i provozala se jedan krug. Ne znam za\u0161to je primenila ovaj postupak prikupljanja informacija kad na sajtu prevoznika lepo pi\u0161e \u201eUVEK PO REDU VO\u017dNJE\u201c.<\/p>\n\n\n\n<div class=\"wp-block-image\"><figure class=\"aligncenter\"><img loading=\"lazy\" decoding=\"async\" width=\"500\" height=\"333\" src=\"https:\/\/gradjanskipreokret.rs\/wp-content\/uploads\/2020\/06\/Dragana-Popovic-500x333.jpg\" alt=\"\" class=\"wp-image-1105\" srcset=\"https:\/\/gradjanskipreokret.rs\/wp-content\/uploads\/2020\/06\/Dragana-Popovic-500x333.jpg 500w, https:\/\/gradjanskipreokret.rs\/wp-content\/uploads\/2020\/06\/Dragana-Popovic-500x333-300x200.jpg 300w, https:\/\/gradjanskipreokret.rs\/wp-content\/uploads\/2020\/06\/Dragana-Popovic-500x333-120x80.jpg 120w\" sizes=\"auto, (max-width: 500px) 100vw, 500px\" \/><figcaption><strong>Dragana Popovi\u0107<\/strong><\/figcaption><\/figure><\/div>\n","protected":false},"excerpt":{"rendered":"<p>Autorski tekst Dragane Popovi\u0107 o gradskom javnom prevozu u Zrenjaninu U eri informacija, interneta i pre svega brzog \u017eivota, ako<\/p>\n","protected":false},"author":1,"featured_media":1104,"comment_status":"closed","ping_status":"open","sticky":false,"template":"","format":"standard","meta":{"footnotes":""},"categories":[14,11,9],"tags":[],"class_list":["post-1103","post","type-post","status-publish","format-standard","has-post-thumbnail","hentry","category-arhiva","category-misljenja","category-zrenjanin"],"yoast_head":"<!-- This site is optimized with the Yoast SEO plugin v26.3 - https:\/\/yoast.com\/wordpress\/plugins\/seo\/ -->\n<title>\u201eUVEK PO REDU VO\u017dNJE\u201c - Gra\u0111anski preokret<\/title>\n<meta name=\"robots\" content=\"index, follow, max-snippet:-1, max-image-preview:large, max-video-preview:-1\" \/>\n<link rel=\"canonical\" href=\"https:\/\/gradjanskipreokret.rs\/index.php\/2020\/06\/06\/uvek-po-redu-voznje\/\" \/>\n<meta property=\"og:locale\" content=\"en_US\" \/>\n<meta property=\"og:type\" content=\"article\" \/>\n<meta property=\"og:title\" content=\"\u201eUVEK PO REDU VO\u017dNJE\u201c - Gra\u0111anski preokret\" \/>\n<meta property=\"og:description\" content=\"Autorski tekst Dragane Popovi\u0107 o gradskom javnom prevozu u Zrenjaninu U eri informacija, interneta i pre svega brzog \u017eivota, ako\" \/>\n<meta property=\"og:url\" content=\"https:\/\/gradjanskipreokret.rs\/index.php\/2020\/06\/06\/uvek-po-redu-voznje\/\" \/>\n<meta property=\"og:site_name\" content=\"Gra\u0111anski preokret\" \/>\n<meta property=\"article:publisher\" content=\"https:\/\/www.facebook.com\/gradjanskipreokret\/\" \/>\n<meta property=\"article:published_time\" content=\"2020-06-06T08:21:57+00:00\" \/>\n<meta property=\"article:modified_time\" content=\"2021-06-19T11:35:34+00:00\" \/>\n<meta property=\"og:image\" content=\"https:\/\/gradjanskipreokret.rs\/wp-content\/uploads\/2020\/06\/Brendiran-bus.jpg\" \/>\n\t<meta property=\"og:image:width\" content=\"1280\" \/>\n\t<meta property=\"og:image:height\" content=\"719\" \/>\n\t<meta property=\"og:image:type\" content=\"image\/jpeg\" \/>\n<meta name=\"author\" content=\"Gra\u0111anski preokret\" \/>\n<meta name=\"twitter:card\" content=\"summary_large_image\" \/>\n<meta name=\"twitter:creator\" content=\"@gpreokret\" \/>\n<meta name=\"twitter:site\" content=\"@gpreokret\" \/>\n<meta name=\"twitter:label1\" content=\"Written by\" \/>\n\t<meta name=\"twitter:data1\" content=\"Gra\u0111anski preokret\" \/>\n\t<meta name=\"twitter:label2\" content=\"Est. reading time\" \/>\n\t<meta name=\"twitter:data2\" content=\"3 minutes\" \/>\n<script type=\"application\/ld+json\" class=\"yoast-schema-graph\">{\"@context\":\"https:\/\/schema.org\",\"@graph\":[{\"@type\":\"Article\",\"@id\":\"https:\/\/gradjanskipreokret.rs\/index.php\/2020\/06\/06\/uvek-po-redu-voznje\/#article\",\"isPartOf\":{\"@id\":\"https:\/\/gradjanskipreokret.rs\/index.php\/2020\/06\/06\/uvek-po-redu-voznje\/\"},\"author\":{\"name\":\"Gra\u0111anski preokret\",\"@id\":\"https:\/\/gradjanskipreokret.rs\/#\/schema\/person\/0afc6a01a39afb1c9e2df1a5c7d7800d\"},\"headline\":\"\u201eUVEK PO REDU VO\u017dNJE\u201c\",\"datePublished\":\"2020-06-06T08:21:57+00:00\",\"dateModified\":\"2021-06-19T11:35:34+00:00\",\"mainEntityOfPage\":{\"@id\":\"https:\/\/gradjanskipreokret.rs\/index.php\/2020\/06\/06\/uvek-po-redu-voznje\/\"},\"wordCount\":530,\"publisher\":{\"@id\":\"https:\/\/gradjanskipreokret.rs\/#organization\"},\"image\":{\"@id\":\"https:\/\/gradjanskipreokret.rs\/index.php\/2020\/06\/06\/uvek-po-redu-voznje\/#primaryimage\"},\"thumbnailUrl\":\"https:\/\/gradjanskipreokret.rs\/wp-content\/uploads\/2020\/06\/Brendiran-bus.jpg\",\"articleSection\":[\"Arhiva\",\"Mi\u0161ljenja\",\"Zrenjanin\"],\"inLanguage\":\"en-US\"},{\"@type\":\"WebPage\",\"@id\":\"https:\/\/gradjanskipreokret.rs\/index.php\/2020\/06\/06\/uvek-po-redu-voznje\/\",\"url\":\"https:\/\/gradjanskipreokret.rs\/index.php\/2020\/06\/06\/uvek-po-redu-voznje\/\",\"name\":\"\u201eUVEK PO REDU VO\u017dNJE\u201c - Gra\u0111anski preokret\",\"isPartOf\":{\"@id\":\"https:\/\/gradjanskipreokret.rs\/#website\"},\"primaryImageOfPage\":{\"@id\":\"https:\/\/gradjanskipreokret.rs\/index.php\/2020\/06\/06\/uvek-po-redu-voznje\/#primaryimage\"},\"image\":{\"@id\":\"https:\/\/gradjanskipreokret.rs\/index.php\/2020\/06\/06\/uvek-po-redu-voznje\/#primaryimage\"},\"thumbnailUrl\":\"https:\/\/gradjanskipreokret.rs\/wp-content\/uploads\/2020\/06\/Brendiran-bus.jpg\",\"datePublished\":\"2020-06-06T08:21:57+00:00\",\"dateModified\":\"2021-06-19T11:35:34+00:00\",\"breadcrumb\":{\"@id\":\"https:\/\/gradjanskipreokret.rs\/index.php\/2020\/06\/06\/uvek-po-redu-voznje\/#breadcrumb\"},\"inLanguage\":\"en-US\",\"potentialAction\":[{\"@type\":\"ReadAction\",\"target\":[\"https:\/\/gradjanskipreokret.rs\/index.php\/2020\/06\/06\/uvek-po-redu-voznje\/\"]}]},{\"@type\":\"ImageObject\",\"inLanguage\":\"en-US\",\"@id\":\"https:\/\/gradjanskipreokret.rs\/index.php\/2020\/06\/06\/uvek-po-redu-voznje\/#primaryimage\",\"url\":\"https:\/\/gradjanskipreokret.rs\/wp-content\/uploads\/2020\/06\/Brendiran-bus.jpg\",\"contentUrl\":\"https:\/\/gradjanskipreokret.rs\/wp-content\/uploads\/2020\/06\/Brendiran-bus.jpg\",\"width\":1280,\"height\":719},{\"@type\":\"BreadcrumbList\",\"@id\":\"https:\/\/gradjanskipreokret.rs\/index.php\/2020\/06\/06\/uvek-po-redu-voznje\/#breadcrumb\",\"itemListElement\":[{\"@type\":\"ListItem\",\"position\":1,\"name\":\"Home\",\"item\":\"https:\/\/gradjanskipreokret.rs\/\"},{\"@type\":\"ListItem\",\"position\":2,\"name\":\"\u201eUVEK PO REDU VO\u017dNJE\u201c\"}]},{\"@type\":\"WebSite\",\"@id\":\"https:\/\/gradjanskipreokret.rs\/#website\",\"url\":\"https:\/\/gradjanskipreokret.rs\/\",\"name\":\"Gra\u0111anski preokret\",\"description\":\"Gradjanski preokret\",\"publisher\":{\"@id\":\"https:\/\/gradjanskipreokret.rs\/#organization\"},\"potentialAction\":[{\"@type\":\"SearchAction\",\"target\":{\"@type\":\"EntryPoint\",\"urlTemplate\":\"https:\/\/gradjanskipreokret.rs\/?s={search_term_string}\"},\"query-input\":{\"@type\":\"PropertyValueSpecification\",\"valueRequired\":true,\"valueName\":\"search_term_string\"}}],\"inLanguage\":\"en-US\"},{\"@type\":\"Organization\",\"@id\":\"https:\/\/gradjanskipreokret.rs\/#organization\",\"name\":\"Udru\u017eenje Gra\u0111anski preokret\",\"url\":\"https:\/\/gradjanskipreokret.rs\/\",\"logo\":{\"@type\":\"ImageObject\",\"inLanguage\":\"en-US\",\"@id\":\"https:\/\/gradjanskipreokret.rs\/#\/schema\/logo\/image\/\",\"url\":\"https:\/\/gradjanskipreokret.rs\/wp-content\/uploads\/2019\/03\/FB.png\",\"contentUrl\":\"https:\/\/gradjanskipreokret.rs\/wp-content\/uploads\/2019\/03\/FB.png\",\"width\":773,\"height\":461,\"caption\":\"Udru\u017eenje Gra\u0111anski preokret\"},\"image\":{\"@id\":\"https:\/\/gradjanskipreokret.rs\/#\/schema\/logo\/image\/\"},\"sameAs\":[\"https:\/\/www.facebook.com\/gradjanskipreokret\/\",\"https:\/\/x.com\/gpreokret\",\"https:\/\/www.youtube.com\/channel\/UCyEiTcJBTWEFn48AmyxAhsA\"]},{\"@type\":\"Person\",\"@id\":\"https:\/\/gradjanskipreokret.rs\/#\/schema\/person\/0afc6a01a39afb1c9e2df1a5c7d7800d\",\"name\":\"Gra\u0111anski preokret\",\"image\":{\"@type\":\"ImageObject\",\"inLanguage\":\"en-US\",\"@id\":\"https:\/\/gradjanskipreokret.rs\/#\/schema\/person\/image\/\",\"url\":\"https:\/\/secure.gravatar.com\/avatar\/4f775d6a27bef0662bf264239622d14941545c33046ddf7342be24dba39f1270?s=96&d=mm&r=g\",\"contentUrl\":\"https:\/\/secure.gravatar.com\/avatar\/4f775d6a27bef0662bf264239622d14941545c33046ddf7342be24dba39f1270?s=96&d=mm&r=g\",\"caption\":\"Gra\u0111anski preokret\"},\"sameAs\":[\"http:\/\/www.gradjanskipreokret.rs\"],\"url\":\"https:\/\/gradjanskipreokret.rs\/index.php\/author\/gradjan1\/\"}]}<\/script>\n<!-- \/ Yoast SEO plugin. -->","yoast_head_json":{"title":"\u201eUVEK PO REDU VO\u017dNJE\u201c - Gra\u0111anski preokret","robots":{"index":"index","follow":"follow","max-snippet":"max-snippet:-1","max-image-preview":"max-image-preview:large","max-video-preview":"max-video-preview:-1"},"canonical":"https:\/\/gradjanskipreokret.rs\/index.php\/2020\/06\/06\/uvek-po-redu-voznje\/","og_locale":"en_US","og_type":"article","og_title":"\u201eUVEK PO REDU VO\u017dNJE\u201c - Gra\u0111anski preokret","og_description":"Autorski tekst Dragane Popovi\u0107 o gradskom javnom prevozu u Zrenjaninu U eri informacija, interneta i pre svega brzog \u017eivota, ako","og_url":"https:\/\/gradjanskipreokret.rs\/index.php\/2020\/06\/06\/uvek-po-redu-voznje\/","og_site_name":"Gra\u0111anski preokret","article_publisher":"https:\/\/www.facebook.com\/gradjanskipreokret\/","article_published_time":"2020-06-06T08:21:57+00:00","article_modified_time":"2021-06-19T11:35:34+00:00","og_image":[{"width":1280,"height":719,"url":"https:\/\/gradjanskipreokret.rs\/wp-content\/uploads\/2020\/06\/Brendiran-bus.jpg","type":"image\/jpeg"}],"author":"Gra\u0111anski preokret","twitter_card":"summary_large_image","twitter_creator":"@gpreokret","twitter_site":"@gpreokret","twitter_misc":{"Written by":"Gra\u0111anski preokret","Est. reading time":"3 minutes"},"schema":{"@context":"https:\/\/schema.org","@graph":[{"@type":"Article","@id":"https:\/\/gradjanskipreokret.rs\/index.php\/2020\/06\/06\/uvek-po-redu-voznje\/#article","isPartOf":{"@id":"https:\/\/gradjanskipreokret.rs\/index.php\/2020\/06\/06\/uvek-po-redu-voznje\/"},"author":{"name":"Gra\u0111anski preokret","@id":"https:\/\/gradjanskipreokret.rs\/#\/schema\/person\/0afc6a01a39afb1c9e2df1a5c7d7800d"},"headline":"\u201eUVEK PO REDU VO\u017dNJE\u201c","datePublished":"2020-06-06T08:21:57+00:00","dateModified":"2021-06-19T11:35:34+00:00","mainEntityOfPage":{"@id":"https:\/\/gradjanskipreokret.rs\/index.php\/2020\/06\/06\/uvek-po-redu-voznje\/"},"wordCount":530,"publisher":{"@id":"https:\/\/gradjanskipreokret.rs\/#organization"},"image":{"@id":"https:\/\/gradjanskipreokret.rs\/index.php\/2020\/06\/06\/uvek-po-redu-voznje\/#primaryimage"},"thumbnailUrl":"https:\/\/gradjanskipreokret.rs\/wp-content\/uploads\/2020\/06\/Brendiran-bus.jpg","articleSection":["Arhiva","Mi\u0161ljenja","Zrenjanin"],"inLanguage":"en-US"},{"@type":"WebPage","@id":"https:\/\/gradjanskipreokret.rs\/index.php\/2020\/06\/06\/uvek-po-redu-voznje\/","url":"https:\/\/gradjanskipreokret.rs\/index.php\/2020\/06\/06\/uvek-po-redu-voznje\/","name":"\u201eUVEK PO REDU VO\u017dNJE\u201c - Gra\u0111anski preokret","isPartOf":{"@id":"https:\/\/gradjanskipreokret.rs\/#website"},"primaryImageOfPage":{"@id":"https:\/\/gradjanskipreokret.rs\/index.php\/2020\/06\/06\/uvek-po-redu-voznje\/#primaryimage"},"image":{"@id":"https:\/\/gradjanskipreokret.rs\/index.php\/2020\/06\/06\/uvek-po-redu-voznje\/#primaryimage"},"thumbnailUrl":"https:\/\/gradjanskipreokret.rs\/wp-content\/uploads\/2020\/06\/Brendiran-bus.jpg","datePublished":"2020-06-06T08:21:57+00:00","dateModified":"2021-06-19T11:35:34+00:00","breadcrumb":{"@id":"https:\/\/gradjanskipreokret.rs\/index.php\/2020\/06\/06\/uvek-po-redu-voznje\/#breadcrumb"},"inLanguage":"en-US","potentialAction":[{"@type":"ReadAction","target":["https:\/\/gradjanskipreokret.rs\/index.php\/2020\/06\/06\/uvek-po-redu-voznje\/"]}]},{"@type":"ImageObject","inLanguage":"en-US","@id":"https:\/\/gradjanskipreokret.rs\/index.php\/2020\/06\/06\/uvek-po-redu-voznje\/#primaryimage","url":"https:\/\/gradjanskipreokret.rs\/wp-content\/uploads\/2020\/06\/Brendiran-bus.jpg","contentUrl":"https:\/\/gradjanskipreokret.rs\/wp-content\/uploads\/2020\/06\/Brendiran-bus.jpg","width":1280,"height":719},{"@type":"BreadcrumbList","@id":"https:\/\/gradjanskipreokret.rs\/index.php\/2020\/06\/06\/uvek-po-redu-voznje\/#breadcrumb","itemListElement":[{"@type":"ListItem","position":1,"name":"Home","item":"https:\/\/gradjanskipreokret.rs\/"},{"@type":"ListItem","position":2,"name":"\u201eUVEK PO REDU VO\u017dNJE\u201c"}]},{"@type":"WebSite","@id":"https:\/\/gradjanskipreokret.rs\/#website","url":"https:\/\/gradjanskipreokret.rs\/","name":"Gra\u0111anski preokret","description":"Gradjanski preokret","publisher":{"@id":"https:\/\/gradjanskipreokret.rs\/#organization"},"potentialAction":[{"@type":"SearchAction","target":{"@type":"EntryPoint","urlTemplate":"https:\/\/gradjanskipreokret.rs\/?s={search_term_string}"},"query-input":{"@type":"PropertyValueSpecification","valueRequired":true,"valueName":"search_term_string"}}],"inLanguage":"en-US"},{"@type":"Organization","@id":"https:\/\/gradjanskipreokret.rs\/#organization","name":"Udru\u017eenje Gra\u0111anski preokret","url":"https:\/\/gradjanskipreokret.rs\/","logo":{"@type":"ImageObject","inLanguage":"en-US","@id":"https:\/\/gradjanskipreokret.rs\/#\/schema\/logo\/image\/","url":"https:\/\/gradjanskipreokret.rs\/wp-content\/uploads\/2019\/03\/FB.png","contentUrl":"https:\/\/gradjanskipreokret.rs\/wp-content\/uploads\/2019\/03\/FB.png","width":773,"height":461,"caption":"Udru\u017eenje Gra\u0111anski preokret"},"image":{"@id":"https:\/\/gradjanskipreokret.rs\/#\/schema\/logo\/image\/"},"sameAs":["https:\/\/www.facebook.com\/gradjanskipreokret\/","https:\/\/x.com\/gpreokret","https:\/\/www.youtube.com\/channel\/UCyEiTcJBTWEFn48AmyxAhsA"]},{"@type":"Person","@id":"https:\/\/gradjanskipreokret.rs\/#\/schema\/person\/0afc6a01a39afb1c9e2df1a5c7d7800d","name":"Gra\u0111anski preokret","image":{"@type":"ImageObject","inLanguage":"en-US","@id":"https:\/\/gradjanskipreokret.rs\/#\/schema\/person\/image\/","url":"https:\/\/secure.gravatar.com\/avatar\/4f775d6a27bef0662bf264239622d14941545c33046ddf7342be24dba39f1270?s=96&d=mm&r=g","contentUrl":"https:\/\/secure.gravatar.com\/avatar\/4f775d6a27bef0662bf264239622d14941545c33046ddf7342be24dba39f1270?s=96&d=mm&r=g","caption":"Gra\u0111anski preokret"},"sameAs":["http:\/\/www.gradjanskipreokret.rs"],"url":"https:\/\/gradjanskipreokret.rs\/index.php\/author\/gradjan1\/"}]}},"_links":{"self":[{"href":"https:\/\/gradjanskipreokret.rs\/index.php\/wp-json\/wp\/v2\/posts\/1103","targetHints":{"allow":["GET"]}}],"collection":[{"href":"https:\/\/gradjanskipreokret.rs\/index.php\/wp-json\/wp\/v2\/posts"}],"about":[{"href":"https:\/\/gradjanskipreokret.rs\/index.php\/wp-json\/wp\/v2\/types\/post"}],"author":[{"embeddable":true,"href":"https:\/\/gradjanskipreokret.rs\/index.php\/wp-json\/wp\/v2\/users\/1"}],"replies":[{"embeddable":true,"href":"https:\/\/gradjanskipreokret.rs\/index.php\/wp-json\/wp\/v2\/comments?post=1103"}],"version-history":[{"count":3,"href":"https:\/\/gradjanskipreokret.rs\/index.php\/wp-json\/wp\/v2\/posts\/1103\/revisions"}],"predecessor-version":[{"id":2060,"href":"https:\/\/gradjanskipreokret.rs\/index.php\/wp-json\/wp\/v2\/posts\/1103\/revisions\/2060"}],"wp:featuredmedia":[{"embeddable":true,"href":"https:\/\/gradjanskipreokret.rs\/index.php\/wp-json\/wp\/v2\/media\/1104"}],"wp:attachment":[{"href":"https:\/\/gradjanskipreokret.rs\/index.php\/wp-json\/wp\/v2\/media?parent=1103"}],"wp:term":[{"taxonomy":"category","embeddable":true,"href":"https:\/\/gradjanskipreokret.rs\/index.php\/wp-json\/wp\/v2\/categories?post=1103"},{"taxonomy":"post_tag","embeddable":true,"href":"https:\/\/gradjanskipreokret.rs\/index.php\/wp-json\/wp\/v2\/tags?post=1103"}],"curies":[{"name":"wp","href":"https:\/\/api.w.org\/{rel}","templated":true}]}}