{"id":1074,"date":"2020-05-25T07:00:57","date_gmt":"2020-05-25T05:00:57","guid":{"rendered":"https:\/\/gradjanskipreokret.rs\/?p=1074"},"modified":"2020-05-25T07:47:10","modified_gmt":"2020-05-25T05:47:10","slug":"vodosnabdevanje-u-zrenjaninu-je-pred-kolapsom","status":"publish","type":"post","link":"https:\/\/gradjanskipreokret.rs\/index.php\/2020\/05\/25\/vodosnabdevanje-u-zrenjaninu-je-pred-kolapsom\/","title":{"rendered":"Vodosnabdevanje u Zrenjaninu je pred kolapsom"},"content":{"rendered":"\n<p>Uprkos optimizmu koji \u0161ire \u010delnici Zrenjanina, i najavama da \u0107e uskoro biti re\u0161en vi\u0161edecenijski problem s vodom za pi\u0107e, \u010ditav sistem vodosnabdevanja u tom gradu je zna\u010dajno ugro\u017een. To je u dopisu gradona\u010delniku Zrenjanina \u010cedomiru Janji\u0107u jasno i nedvosmisleno napisao direktor Javno-komunalnog preduze\u0107a \u201cVodovod i kanalizacija\u201d Predrag Bodiroga. U dopisu s po\u010detka marta ove godine, Bodiroga pi\u0161e Janji\u0107u da javno-komunalno preduze\u0107e na \u010dijem je \u010delu direktno trpi \u0161tetu \u201c\u0161to projekat fabrike vode ni posle pet godina nije za\u017eiveo\u201d. <\/p>\n\n\n\n<figure class=\"wp-block-image\"><img loading=\"lazy\" decoding=\"async\" width=\"1024\" height=\"528\" src=\"https:\/\/gradjanskipreokret.rs\/wp-content\/uploads\/2020\/05\/1-1-1024x528.png\" alt=\"\" class=\"wp-image-1076\" srcset=\"https:\/\/gradjanskipreokret.rs\/wp-content\/uploads\/2020\/05\/1-1-1024x528.png 1024w, https:\/\/gradjanskipreokret.rs\/wp-content\/uploads\/2020\/05\/1-1-300x155.png 300w, https:\/\/gradjanskipreokret.rs\/wp-content\/uploads\/2020\/05\/1-1-768x396.png 768w, https:\/\/gradjanskipreokret.rs\/wp-content\/uploads\/2020\/05\/1-1.png 1840w\" sizes=\"auto, (max-width: 1024px) 100vw, 1024px\" \/><\/figure>\n\n\n\n<p>Izra\u017eavaju\u0107i upozorenje\ngradona\u010delniku \u201cda \u0161to pre na\u0111e na\u010din transfera potrebnih finansijskih\nsredstava ili \u0107e u suprotnom zna\u010dajno ugroziti stabilnost i funkcionisanje\nsistema vodosnabdevanja grada Zrenjanina\u201d, direktor vodovoda konstatuje i da\n\u201co\u010digledno imaju razli\u010dite do\u017eivljaje prioriteta za finansiranje iz bud\u017eeta\u201d.<\/p>\n\n\n\n<p>Ovaj dopis je svojevrsno podstrekavanje gradona\u010delnika da protivzakonito obezbedi novac za izbegavanje kolapsa vodosnabdevanja, mimo usvojenog bud\u017eeta grada za 2020. godinu.<\/p>\n\n\n\n<p>Iz dopisa se vidi da JKP \u201cVodovod i kanalizacija\u201d ima nameru da taj novac tro\u0161i na sredstva za tretman pija\u0107e vode pa je jasno da to i dalje ne radi novoizgra\u0111eno postrojenje. Pominje se i izgradnja novih bunara, \u0161to potkrepljuje sumnju da takozvana fabrika vode pravi ogroman tehnolo\u0161ki otpad, mnogo ve\u0107i od maksimalno ugovorenih pet odsto sirove vode, zbog \u010dega dosada\u0161nja izvori\u0161ta vi\u0161e nisu dovoljna za uredno snabdevanje grada. U prilog takvom zaklju\u010dku govori i \u010dinjenica da je pritisak vode u mre\u017ei zna\u010dajno slabiji od kad je \u201cfabrika vode\u201d pu\u0161tena u rad. <\/p>\n\n\n\n<figure class=\"wp-block-image\"><img loading=\"lazy\" decoding=\"async\" width=\"1024\" height=\"555\" src=\"https:\/\/gradjanskipreokret.rs\/wp-content\/uploads\/2020\/05\/2-1024x555.png\" alt=\"\" class=\"wp-image-1077\" srcset=\"https:\/\/gradjanskipreokret.rs\/wp-content\/uploads\/2020\/05\/2-1024x555.png 1024w, https:\/\/gradjanskipreokret.rs\/wp-content\/uploads\/2020\/05\/2-300x162.png 300w, https:\/\/gradjanskipreokret.rs\/wp-content\/uploads\/2020\/05\/2-768x416.png 768w, https:\/\/gradjanskipreokret.rs\/wp-content\/uploads\/2020\/05\/2.png 1802w\" sizes=\"auto, (max-width: 1024px) 100vw, 1024px\" \/><\/figure>\n\n\n\n<p>Grad Zrenjanin je tokom 2019. godine ulo\u017eio vi\u0161e od 67 miliona dinara u navodno privatno postrojenje za preradu vode i u poslove koje bi po ugovoru morao da finansira investitor, a ne grad.<\/p>\n\n\n\n<p>Gra\u0111anski preokret je septembra 2019. godine podneo krivi\u010dne prijave protiv gradona\u010delnika Zrenjanina \u010cedomira Janji\u0107a i pet povezanih lica zbog zloupotreba u vezi s poslovima vodosnabdevanja. Ne\u0161to kasnije, krivi\u010dnom prijavom je obuhva\u0107en i Goran Kne\u017eevi\u0107, aktuelni ministar privrede Srbije, kao podstreka\u010d na kriminalne radnje. Vi\u0161e javno tu\u017eila\u0161tvo u Novom Sadu za suzbijanje korupcije pokrenulo je istragu o malverzacijama u ovom poslu i do sada su u okviru tog postupka hap\u0161ena tri lica. <\/p>\n\n\n\n<p> Gra\u0111anski preokret poziva gradsku vlast da prestane s poku\u0161ajima da propali projekat \u201cfabrike vode\u201d po svaku cenu predstavi kao uspe\u0161an, beskona\u010dno sahranjuju\u0107i u njega milionske iznose bud\u017eetskog novca. Umesto toga, mogli bi u okviru Inicijative \u201cZajedno do vode\u201d da daju istinski doprinos re\u0161avanju najve\u0107eg zdravstveno-komunalnog problema Zrenjanina, partnerski s gra\u0111anima i stru\u010dnjacima, pod lupom javnosti i u op\u0161tem interesu. <\/p>\n","protected":false},"excerpt":{"rendered":"<p>Uprkos optimizmu koji \u0161ire \u010delnici Zrenjanina, i najavama da \u0107e uskoro biti re\u0161en vi\u0161edecenijski problem s vodom za pi\u0107e, \u010ditav<\/p>\n","protected":false},"author":1,"featured_media":1081,"comment_status":"closed","ping_status":"open","sticky":false,"template":"","format":"standard","meta":{"footnotes":""},"categories":[14,16,10,17,9],"tags":[],"class_list":["post-1074","post","type-post","status-publish","format-standard","has-post-thumbnail","hentry","category-arhiva","category-fabrika-vode","category-vesti","category-zajedno-do-vode","category-zrenjanin"],"yoast_head":"<!-- This site is optimized with the Yoast SEO plugin v26.3 - https:\/\/yoast.com\/wordpress\/plugins\/seo\/ -->\n<title>Vodosnabdevanje u Zrenjaninu je pred kolapsom - Gra\u0111anski preokret<\/title>\n<meta name=\"robots\" content=\"index, follow, max-snippet:-1, max-image-preview:large, max-video-preview:-1\" \/>\n<link rel=\"canonical\" href=\"https:\/\/gradjanskipreokret.rs\/index.php\/2020\/05\/25\/vodosnabdevanje-u-zrenjaninu-je-pred-kolapsom\/\" \/>\n<meta property=\"og:locale\" content=\"en_US\" \/>\n<meta property=\"og:type\" content=\"article\" \/>\n<meta property=\"og:title\" content=\"Vodosnabdevanje u Zrenjaninu je pred kolapsom - Gra\u0111anski preokret\" \/>\n<meta property=\"og:description\" content=\"To je u dopisu gradona\u010delniku Zrenjanina \u010cedomiru Janji\u0107u jasno i nedvosmisleno napisao direktor Javno-komunalnog preduze\u0107a \u201cVodovod i kanalizacija\u201d Predrag Bodiroga.\" \/>\n<meta property=\"og:url\" content=\"https:\/\/gradjanskipreokret.rs\/index.php\/2020\/05\/25\/vodosnabdevanje-u-zrenjaninu-je-pred-kolapsom\/\" \/>\n<meta property=\"og:site_name\" content=\"Gra\u0111anski preokret\" \/>\n<meta property=\"article:publisher\" content=\"https:\/\/www.facebook.com\/gradjanskipreokret\/\" \/>\n<meta property=\"article:published_time\" content=\"2020-05-25T05:00:57+00:00\" \/>\n<meta property=\"article:modified_time\" content=\"2020-05-25T05:47:10+00:00\" \/>\n<meta property=\"og:image\" content=\"https:\/\/gradjanskipreokret.rs\/wp-content\/uploads\/2020\/05\/aaaa.png\" \/>\n\t<meta property=\"og:image:width\" content=\"720\" \/>\n\t<meta property=\"og:image:height\" content=\"381\" \/>\n\t<meta property=\"og:image:type\" content=\"image\/png\" \/>\n<meta name=\"author\" content=\"Gra\u0111anski preokret\" \/>\n<meta name=\"twitter:card\" content=\"summary_large_image\" \/>\n<meta name=\"twitter:description\" content=\"To je u dopisu gradona\u010delniku Zrenjanina \u010cedomiru Janji\u0107u jasno i nedvosmisleno napisao direktor Javno-komunalnog preduze\u0107a \u201cVodovod i kanalizacija\u201d Predrag Bodiroga.\" \/>\n<meta name=\"twitter:image\" content=\"https:\/\/gradjanskipreokret.rs\/wp-content\/uploads\/2020\/05\/aaaa.png\" \/>\n<meta name=\"twitter:creator\" content=\"@gpreokret\" \/>\n<meta name=\"twitter:site\" content=\"@gpreokret\" \/>\n<meta name=\"twitter:label1\" content=\"Written by\" \/>\n\t<meta name=\"twitter:data1\" content=\"Gra\u0111anski preokret\" \/>\n\t<meta name=\"twitter:label2\" content=\"Est. reading time\" \/>\n\t<meta name=\"twitter:data2\" content=\"2 minutes\" \/>\n<script type=\"application\/ld+json\" class=\"yoast-schema-graph\">{\"@context\":\"https:\/\/schema.org\",\"@graph\":[{\"@type\":\"Article\",\"@id\":\"https:\/\/gradjanskipreokret.rs\/index.php\/2020\/05\/25\/vodosnabdevanje-u-zrenjaninu-je-pred-kolapsom\/#article\",\"isPartOf\":{\"@id\":\"https:\/\/gradjanskipreokret.rs\/index.php\/2020\/05\/25\/vodosnabdevanje-u-zrenjaninu-je-pred-kolapsom\/\"},\"author\":{\"name\":\"Gra\u0111anski preokret\",\"@id\":\"https:\/\/gradjanskipreokret.rs\/#\/schema\/person\/0afc6a01a39afb1c9e2df1a5c7d7800d\"},\"headline\":\"Vodosnabdevanje u Zrenjaninu je pred kolapsom\",\"datePublished\":\"2020-05-25T05:00:57+00:00\",\"dateModified\":\"2020-05-25T05:47:10+00:00\",\"mainEntityOfPage\":{\"@id\":\"https:\/\/gradjanskipreokret.rs\/index.php\/2020\/05\/25\/vodosnabdevanje-u-zrenjaninu-je-pred-kolapsom\/\"},\"wordCount\":457,\"publisher\":{\"@id\":\"https:\/\/gradjanskipreokret.rs\/#organization\"},\"image\":{\"@id\":\"https:\/\/gradjanskipreokret.rs\/index.php\/2020\/05\/25\/vodosnabdevanje-u-zrenjaninu-je-pred-kolapsom\/#primaryimage\"},\"thumbnailUrl\":\"https:\/\/gradjanskipreokret.rs\/wp-content\/uploads\/2020\/05\/aaaa.png\",\"articleSection\":[\"Arhiva\",\"Fabrika vode\",\"Vesti\",\"Zajedno do vode\",\"Zrenjanin\"],\"inLanguage\":\"en-US\"},{\"@type\":\"WebPage\",\"@id\":\"https:\/\/gradjanskipreokret.rs\/index.php\/2020\/05\/25\/vodosnabdevanje-u-zrenjaninu-je-pred-kolapsom\/\",\"url\":\"https:\/\/gradjanskipreokret.rs\/index.php\/2020\/05\/25\/vodosnabdevanje-u-zrenjaninu-je-pred-kolapsom\/\",\"name\":\"Vodosnabdevanje u Zrenjaninu je pred kolapsom - Gra\u0111anski preokret\",\"isPartOf\":{\"@id\":\"https:\/\/gradjanskipreokret.rs\/#website\"},\"primaryImageOfPage\":{\"@id\":\"https:\/\/gradjanskipreokret.rs\/index.php\/2020\/05\/25\/vodosnabdevanje-u-zrenjaninu-je-pred-kolapsom\/#primaryimage\"},\"image\":{\"@id\":\"https:\/\/gradjanskipreokret.rs\/index.php\/2020\/05\/25\/vodosnabdevanje-u-zrenjaninu-je-pred-kolapsom\/#primaryimage\"},\"thumbnailUrl\":\"https:\/\/gradjanskipreokret.rs\/wp-content\/uploads\/2020\/05\/aaaa.png\",\"datePublished\":\"2020-05-25T05:00:57+00:00\",\"dateModified\":\"2020-05-25T05:47:10+00:00\",\"breadcrumb\":{\"@id\":\"https:\/\/gradjanskipreokret.rs\/index.php\/2020\/05\/25\/vodosnabdevanje-u-zrenjaninu-je-pred-kolapsom\/#breadcrumb\"},\"inLanguage\":\"en-US\",\"potentialAction\":[{\"@type\":\"ReadAction\",\"target\":[\"https:\/\/gradjanskipreokret.rs\/index.php\/2020\/05\/25\/vodosnabdevanje-u-zrenjaninu-je-pred-kolapsom\/\"]}]},{\"@type\":\"ImageObject\",\"inLanguage\":\"en-US\",\"@id\":\"https:\/\/gradjanskipreokret.rs\/index.php\/2020\/05\/25\/vodosnabdevanje-u-zrenjaninu-je-pred-kolapsom\/#primaryimage\",\"url\":\"https:\/\/gradjanskipreokret.rs\/wp-content\/uploads\/2020\/05\/aaaa.png\",\"contentUrl\":\"https:\/\/gradjanskipreokret.rs\/wp-content\/uploads\/2020\/05\/aaaa.png\",\"width\":720,\"height\":381},{\"@type\":\"BreadcrumbList\",\"@id\":\"https:\/\/gradjanskipreokret.rs\/index.php\/2020\/05\/25\/vodosnabdevanje-u-zrenjaninu-je-pred-kolapsom\/#breadcrumb\",\"itemListElement\":[{\"@type\":\"ListItem\",\"position\":1,\"name\":\"Home\",\"item\":\"https:\/\/gradjanskipreokret.rs\/\"},{\"@type\":\"ListItem\",\"position\":2,\"name\":\"Vodosnabdevanje u Zrenjaninu je pred kolapsom\"}]},{\"@type\":\"WebSite\",\"@id\":\"https:\/\/gradjanskipreokret.rs\/#website\",\"url\":\"https:\/\/gradjanskipreokret.rs\/\",\"name\":\"Gra\u0111anski preokret\",\"description\":\"Gradjanski preokret\",\"publisher\":{\"@id\":\"https:\/\/gradjanskipreokret.rs\/#organization\"},\"potentialAction\":[{\"@type\":\"SearchAction\",\"target\":{\"@type\":\"EntryPoint\",\"urlTemplate\":\"https:\/\/gradjanskipreokret.rs\/?s={search_term_string}\"},\"query-input\":{\"@type\":\"PropertyValueSpecification\",\"valueRequired\":true,\"valueName\":\"search_term_string\"}}],\"inLanguage\":\"en-US\"},{\"@type\":\"Organization\",\"@id\":\"https:\/\/gradjanskipreokret.rs\/#organization\",\"name\":\"Udru\u017eenje Gra\u0111anski preokret\",\"url\":\"https:\/\/gradjanskipreokret.rs\/\",\"logo\":{\"@type\":\"ImageObject\",\"inLanguage\":\"en-US\",\"@id\":\"https:\/\/gradjanskipreokret.rs\/#\/schema\/logo\/image\/\",\"url\":\"https:\/\/gradjanskipreokret.rs\/wp-content\/uploads\/2019\/03\/FB.png\",\"contentUrl\":\"https:\/\/gradjanskipreokret.rs\/wp-content\/uploads\/2019\/03\/FB.png\",\"width\":773,\"height\":461,\"caption\":\"Udru\u017eenje Gra\u0111anski preokret\"},\"image\":{\"@id\":\"https:\/\/gradjanskipreokret.rs\/#\/schema\/logo\/image\/\"},\"sameAs\":[\"https:\/\/www.facebook.com\/gradjanskipreokret\/\",\"https:\/\/x.com\/gpreokret\",\"https:\/\/www.youtube.com\/channel\/UCyEiTcJBTWEFn48AmyxAhsA\"]},{\"@type\":\"Person\",\"@id\":\"https:\/\/gradjanskipreokret.rs\/#\/schema\/person\/0afc6a01a39afb1c9e2df1a5c7d7800d\",\"name\":\"Gra\u0111anski preokret\",\"image\":{\"@type\":\"ImageObject\",\"inLanguage\":\"en-US\",\"@id\":\"https:\/\/gradjanskipreokret.rs\/#\/schema\/person\/image\/\",\"url\":\"https:\/\/secure.gravatar.com\/avatar\/4f775d6a27bef0662bf264239622d14941545c33046ddf7342be24dba39f1270?s=96&d=mm&r=g\",\"contentUrl\":\"https:\/\/secure.gravatar.com\/avatar\/4f775d6a27bef0662bf264239622d14941545c33046ddf7342be24dba39f1270?s=96&d=mm&r=g\",\"caption\":\"Gra\u0111anski preokret\"},\"sameAs\":[\"http:\/\/www.gradjanskipreokret.rs\"],\"url\":\"https:\/\/gradjanskipreokret.rs\/index.php\/author\/gradjan1\/\"}]}<\/script>\n<!-- \/ Yoast SEO plugin. -->","yoast_head_json":{"title":"Vodosnabdevanje u Zrenjaninu je pred kolapsom - Gra\u0111anski preokret","robots":{"index":"index","follow":"follow","max-snippet":"max-snippet:-1","max-image-preview":"max-image-preview:large","max-video-preview":"max-video-preview:-1"},"canonical":"https:\/\/gradjanskipreokret.rs\/index.php\/2020\/05\/25\/vodosnabdevanje-u-zrenjaninu-je-pred-kolapsom\/","og_locale":"en_US","og_type":"article","og_title":"Vodosnabdevanje u Zrenjaninu je pred kolapsom - Gra\u0111anski preokret","og_description":"To je u dopisu gradona\u010delniku Zrenjanina \u010cedomiru Janji\u0107u jasno i nedvosmisleno napisao direktor Javno-komunalnog preduze\u0107a \u201cVodovod i kanalizacija\u201d Predrag Bodiroga.","og_url":"https:\/\/gradjanskipreokret.rs\/index.php\/2020\/05\/25\/vodosnabdevanje-u-zrenjaninu-je-pred-kolapsom\/","og_site_name":"Gra\u0111anski preokret","article_publisher":"https:\/\/www.facebook.com\/gradjanskipreokret\/","article_published_time":"2020-05-25T05:00:57+00:00","article_modified_time":"2020-05-25T05:47:10+00:00","og_image":[{"width":720,"height":381,"url":"https:\/\/gradjanskipreokret.rs\/wp-content\/uploads\/2020\/05\/aaaa.png","type":"image\/png"}],"author":"Gra\u0111anski preokret","twitter_card":"summary_large_image","twitter_description":"To je u dopisu gradona\u010delniku Zrenjanina \u010cedomiru Janji\u0107u jasno i nedvosmisleno napisao direktor Javno-komunalnog preduze\u0107a \u201cVodovod i kanalizacija\u201d Predrag Bodiroga.","twitter_image":"https:\/\/gradjanskipreokret.rs\/wp-content\/uploads\/2020\/05\/aaaa.png","twitter_creator":"@gpreokret","twitter_site":"@gpreokret","twitter_misc":{"Written by":"Gra\u0111anski preokret","Est. reading time":"2 minutes"},"schema":{"@context":"https:\/\/schema.org","@graph":[{"@type":"Article","@id":"https:\/\/gradjanskipreokret.rs\/index.php\/2020\/05\/25\/vodosnabdevanje-u-zrenjaninu-je-pred-kolapsom\/#article","isPartOf":{"@id":"https:\/\/gradjanskipreokret.rs\/index.php\/2020\/05\/25\/vodosnabdevanje-u-zrenjaninu-je-pred-kolapsom\/"},"author":{"name":"Gra\u0111anski preokret","@id":"https:\/\/gradjanskipreokret.rs\/#\/schema\/person\/0afc6a01a39afb1c9e2df1a5c7d7800d"},"headline":"Vodosnabdevanje u Zrenjaninu je pred kolapsom","datePublished":"2020-05-25T05:00:57+00:00","dateModified":"2020-05-25T05:47:10+00:00","mainEntityOfPage":{"@id":"https:\/\/gradjanskipreokret.rs\/index.php\/2020\/05\/25\/vodosnabdevanje-u-zrenjaninu-je-pred-kolapsom\/"},"wordCount":457,"publisher":{"@id":"https:\/\/gradjanskipreokret.rs\/#organization"},"image":{"@id":"https:\/\/gradjanskipreokret.rs\/index.php\/2020\/05\/25\/vodosnabdevanje-u-zrenjaninu-je-pred-kolapsom\/#primaryimage"},"thumbnailUrl":"https:\/\/gradjanskipreokret.rs\/wp-content\/uploads\/2020\/05\/aaaa.png","articleSection":["Arhiva","Fabrika vode","Vesti","Zajedno do vode","Zrenjanin"],"inLanguage":"en-US"},{"@type":"WebPage","@id":"https:\/\/gradjanskipreokret.rs\/index.php\/2020\/05\/25\/vodosnabdevanje-u-zrenjaninu-je-pred-kolapsom\/","url":"https:\/\/gradjanskipreokret.rs\/index.php\/2020\/05\/25\/vodosnabdevanje-u-zrenjaninu-je-pred-kolapsom\/","name":"Vodosnabdevanje u Zrenjaninu je pred kolapsom - Gra\u0111anski preokret","isPartOf":{"@id":"https:\/\/gradjanskipreokret.rs\/#website"},"primaryImageOfPage":{"@id":"https:\/\/gradjanskipreokret.rs\/index.php\/2020\/05\/25\/vodosnabdevanje-u-zrenjaninu-je-pred-kolapsom\/#primaryimage"},"image":{"@id":"https:\/\/gradjanskipreokret.rs\/index.php\/2020\/05\/25\/vodosnabdevanje-u-zrenjaninu-je-pred-kolapsom\/#primaryimage"},"thumbnailUrl":"https:\/\/gradjanskipreokret.rs\/wp-content\/uploads\/2020\/05\/aaaa.png","datePublished":"2020-05-25T05:00:57+00:00","dateModified":"2020-05-25T05:47:10+00:00","breadcrumb":{"@id":"https:\/\/gradjanskipreokret.rs\/index.php\/2020\/05\/25\/vodosnabdevanje-u-zrenjaninu-je-pred-kolapsom\/#breadcrumb"},"inLanguage":"en-US","potentialAction":[{"@type":"ReadAction","target":["https:\/\/gradjanskipreokret.rs\/index.php\/2020\/05\/25\/vodosnabdevanje-u-zrenjaninu-je-pred-kolapsom\/"]}]},{"@type":"ImageObject","inLanguage":"en-US","@id":"https:\/\/gradjanskipreokret.rs\/index.php\/2020\/05\/25\/vodosnabdevanje-u-zrenjaninu-je-pred-kolapsom\/#primaryimage","url":"https:\/\/gradjanskipreokret.rs\/wp-content\/uploads\/2020\/05\/aaaa.png","contentUrl":"https:\/\/gradjanskipreokret.rs\/wp-content\/uploads\/2020\/05\/aaaa.png","width":720,"height":381},{"@type":"BreadcrumbList","@id":"https:\/\/gradjanskipreokret.rs\/index.php\/2020\/05\/25\/vodosnabdevanje-u-zrenjaninu-je-pred-kolapsom\/#breadcrumb","itemListElement":[{"@type":"ListItem","position":1,"name":"Home","item":"https:\/\/gradjanskipreokret.rs\/"},{"@type":"ListItem","position":2,"name":"Vodosnabdevanje u Zrenjaninu je pred kolapsom"}]},{"@type":"WebSite","@id":"https:\/\/gradjanskipreokret.rs\/#website","url":"https:\/\/gradjanskipreokret.rs\/","name":"Gra\u0111anski preokret","description":"Gradjanski preokret","publisher":{"@id":"https:\/\/gradjanskipreokret.rs\/#organization"},"potentialAction":[{"@type":"SearchAction","target":{"@type":"EntryPoint","urlTemplate":"https:\/\/gradjanskipreokret.rs\/?s={search_term_string}"},"query-input":{"@type":"PropertyValueSpecification","valueRequired":true,"valueName":"search_term_string"}}],"inLanguage":"en-US"},{"@type":"Organization","@id":"https:\/\/gradjanskipreokret.rs\/#organization","name":"Udru\u017eenje Gra\u0111anski preokret","url":"https:\/\/gradjanskipreokret.rs\/","logo":{"@type":"ImageObject","inLanguage":"en-US","@id":"https:\/\/gradjanskipreokret.rs\/#\/schema\/logo\/image\/","url":"https:\/\/gradjanskipreokret.rs\/wp-content\/uploads\/2019\/03\/FB.png","contentUrl":"https:\/\/gradjanskipreokret.rs\/wp-content\/uploads\/2019\/03\/FB.png","width":773,"height":461,"caption":"Udru\u017eenje Gra\u0111anski preokret"},"image":{"@id":"https:\/\/gradjanskipreokret.rs\/#\/schema\/logo\/image\/"},"sameAs":["https:\/\/www.facebook.com\/gradjanskipreokret\/","https:\/\/x.com\/gpreokret","https:\/\/www.youtube.com\/channel\/UCyEiTcJBTWEFn48AmyxAhsA"]},{"@type":"Person","@id":"https:\/\/gradjanskipreokret.rs\/#\/schema\/person\/0afc6a01a39afb1c9e2df1a5c7d7800d","name":"Gra\u0111anski preokret","image":{"@type":"ImageObject","inLanguage":"en-US","@id":"https:\/\/gradjanskipreokret.rs\/#\/schema\/person\/image\/","url":"https:\/\/secure.gravatar.com\/avatar\/4f775d6a27bef0662bf264239622d14941545c33046ddf7342be24dba39f1270?s=96&d=mm&r=g","contentUrl":"https:\/\/secure.gravatar.com\/avatar\/4f775d6a27bef0662bf264239622d14941545c33046ddf7342be24dba39f1270?s=96&d=mm&r=g","caption":"Gra\u0111anski preokret"},"sameAs":["http:\/\/www.gradjanskipreokret.rs"],"url":"https:\/\/gradjanskipreokret.rs\/index.php\/author\/gradjan1\/"}]}},"_links":{"self":[{"href":"https:\/\/gradjanskipreokret.rs\/index.php\/wp-json\/wp\/v2\/posts\/1074","targetHints":{"allow":["GET"]}}],"collection":[{"href":"https:\/\/gradjanskipreokret.rs\/index.php\/wp-json\/wp\/v2\/posts"}],"about":[{"href":"https:\/\/gradjanskipreokret.rs\/index.php\/wp-json\/wp\/v2\/types\/post"}],"author":[{"embeddable":true,"href":"https:\/\/gradjanskipreokret.rs\/index.php\/wp-json\/wp\/v2\/users\/1"}],"replies":[{"embeddable":true,"href":"https:\/\/gradjanskipreokret.rs\/index.php\/wp-json\/wp\/v2\/comments?post=1074"}],"version-history":[{"count":5,"href":"https:\/\/gradjanskipreokret.rs\/index.php\/wp-json\/wp\/v2\/posts\/1074\/revisions"}],"predecessor-version":[{"id":1083,"href":"https:\/\/gradjanskipreokret.rs\/index.php\/wp-json\/wp\/v2\/posts\/1074\/revisions\/1083"}],"wp:featuredmedia":[{"embeddable":true,"href":"https:\/\/gradjanskipreokret.rs\/index.php\/wp-json\/wp\/v2\/media\/1081"}],"wp:attachment":[{"href":"https:\/\/gradjanskipreokret.rs\/index.php\/wp-json\/wp\/v2\/media?parent=1074"}],"wp:term":[{"taxonomy":"category","embeddable":true,"href":"https:\/\/gradjanskipreokret.rs\/index.php\/wp-json\/wp\/v2\/categories?post=1074"},{"taxonomy":"post_tag","embeddable":true,"href":"https:\/\/gradjanskipreokret.rs\/index.php\/wp-json\/wp\/v2\/tags?post=1074"}],"curies":[{"name":"wp","href":"https:\/\/api.w.org\/{rel}","templated":true}]}}