{"id":1001,"date":"2020-04-26T09:34:42","date_gmt":"2020-04-26T07:34:42","guid":{"rendered":"https:\/\/gradjanskipreokret.rs\/?p=1001"},"modified":"2020-04-26T09:34:45","modified_gmt":"2020-04-26T07:34:45","slug":"uspostaviti-jasne-kriterijume-podele-pomoci","status":"publish","type":"post","link":"https:\/\/gradjanskipreokret.rs\/index.php\/2020\/04\/26\/uspostaviti-jasne-kriterijume-podele-pomoci\/","title":{"rendered":"Uspostaviti jasne kriterijume podele pomo\u0107i"},"content":{"rendered":"\n<p>\u010clanice Udru\u017eenih gra\u0111anskih pokreta izra\u017eavaju zabrinutost povodom uredbe koju je usvojila Vlada Republike Srbije u pogledu na\u010dina na koji bi se delila dr\u017eavna pomo\u0107 u iznosu od 100 evra. Obaveza prijavljivanja za ovu pomo\u0107 svih gra\u0111ana osim penzionera i socijalno ugro\u017eenih ukazuje na neozbiljnost procedure i podlo\u017ena je manipulacijama. Obrazlo\u017eenje koje su dali ministar Mali i predsednik Vu\u010di\u0107 da su mnogi izjavili da ne\u0107e uzeti novac tako\u0111e je neozbiljno i vi\u0161e prili\u010di \u010dar\u0161ijskoj pri\u010di, nego vo\u0111enju dr\u017eavnih poslova i dobroj dr\u017eavnoj upravi. Odricanje ili prihvatanje  dr\u017eavne pomo\u0107i ne mo\u017ee se pretpostavljati na osnovu poziva telefonom ili njegovog izostanka, niti je na\u010din kojim se po\u0161tuje dignitet gra\u0111ana. Tako\u0111e, izra\u017eavamo bojazan da je na ovaj na\u010din nemogu\u0107e ispratiti tokove novca, te je nemogu\u0107a provera ta\u010dnosti podataka o podeli pomo\u0107i.<\/p>\n\n\n\n<p>Zahtevamo da dr\u017eava uspostavi jasne kriterijume podele koji su lako proverljivi. Smatramo da u dodeli pomo\u0107i mora biti na\u010dinjena razlika izme\u0111u razli\u010ditih socijalnih kategorija i da najvi\u0161e iznose jednokratne pomo\u0107i treba da dobiju gra\u0111ani koji su  ekonomski najugro\u017eeniji, dakle oni sa malim primanjima ili bez primanja, te da je za  te  gra\u0111ane iznos od 100 evra nedovoljan da sanira \u0161tetu gubitka posla ili zna\u010dajnog dela zarade usled epidemije. Smatramo, tako\u0111e, da je podela ove pomo\u0107i i sama po sebi simboli\u010dna i deo predizborne kampanje predsednika Vu\u010di\u0107a. Srbiji je potreban ozbiljan ekonomski program i strategija za izlazak iz recesije koja neminovno sledi, a koja je pospe\u0161ena nizom neselektivnih i nevizionarskih mera tokom dosada\u0161njeg trajanja vanrednog stanja. <\/p>\n\n\n\n<p>Tako\u0111e, smatramo nedopustivom podele koje je predsednik Republike na\u010dinio i podstrekao tokom vanrednog stanja. Politika podela gra\u0111ana i \u0161irenja netrpeljivosti mora prestati. Svojim postupcima i izjavama u toku vanrednog stanja, predsednik dr\u017eave konstantno vodi  ra\u010duna o svom li\u010dnom interesu pospe\u0161uju\u0107i uru\u0161avanje institucija dr\u017eave i  podele u dru\u0161tvu.<\/p>\n\n\n\n<p>\u010clanovi UGP, udru\u017eenja:<br>Lokalna alternativa Vrbas<br> Samo lokalno Be\u010dej<br> Pravo na pravo Ni\u0161<br> Gra\u0111anski preokret Zrenjanin<br> Jasno i glasno Po\u017earevac<\/p>\n","protected":false},"excerpt":{"rendered":"<p>\u010clanice Udru\u017eenih gra\u0111anskih pokreta izra\u017eavaju zabrinutost povodom uredbe koju je usvojila Vlada Republike Srbije u pogledu na\u010dina na koji bi<\/p>\n","protected":false},"author":1,"featured_media":1002,"comment_status":"closed","ping_status":"open","sticky":false,"template":"","format":"standard","meta":{"footnotes":""},"categories":[14,10],"tags":[],"class_list":["post-1001","post","type-post","status-publish","format-standard","has-post-thumbnail","hentry","category-arhiva","category-vesti"],"yoast_head":"<!-- This site is optimized with the Yoast SEO plugin v26.3 - https:\/\/yoast.com\/wordpress\/plugins\/seo\/ -->\n<title>Uspostaviti jasne kriterijume podele pomo\u0107i - Gra\u0111anski preokret<\/title>\n<meta name=\"robots\" content=\"index, follow, max-snippet:-1, max-image-preview:large, max-video-preview:-1\" \/>\n<link rel=\"canonical\" href=\"https:\/\/gradjanskipreokret.rs\/index.php\/2020\/04\/26\/uspostaviti-jasne-kriterijume-podele-pomoci\/\" \/>\n<meta property=\"og:locale\" content=\"en_US\" \/>\n<meta property=\"og:type\" content=\"article\" \/>\n<meta property=\"og:title\" content=\"Uspostaviti jasne kriterijume podele pomo\u0107i - Gra\u0111anski preokret\" \/>\n<meta property=\"og:description\" content=\"\u010clanice Udru\u017eenih gra\u0111anskih pokreta izra\u017eavaju zabrinutost povodom uredbe koju je usvojila Vlada Republike Srbije u pogledu na\u010dina na koji bi\" \/>\n<meta property=\"og:url\" content=\"https:\/\/gradjanskipreokret.rs\/index.php\/2020\/04\/26\/uspostaviti-jasne-kriterijume-podele-pomoci\/\" \/>\n<meta property=\"og:site_name\" content=\"Gra\u0111anski preokret\" \/>\n<meta property=\"article:publisher\" content=\"https:\/\/www.facebook.com\/gradjanskipreokret\/\" \/>\n<meta property=\"article:published_time\" content=\"2020-04-26T07:34:42+00:00\" \/>\n<meta property=\"article:modified_time\" content=\"2020-04-26T07:34:45+00:00\" \/>\n<meta property=\"og:image\" content=\"https:\/\/gradjanskipreokret.rs\/wp-content\/uploads\/2020\/04\/100-01.jpg\" \/>\n\t<meta property=\"og:image:width\" content=\"640\" \/>\n\t<meta property=\"og:image:height\" content=\"480\" \/>\n\t<meta property=\"og:image:type\" content=\"image\/jpeg\" \/>\n<meta name=\"author\" content=\"Gra\u0111anski preokret\" \/>\n<meta name=\"twitter:card\" content=\"summary_large_image\" \/>\n<meta name=\"twitter:creator\" content=\"@gpreokret\" \/>\n<meta name=\"twitter:site\" content=\"@gpreokret\" \/>\n<meta name=\"twitter:label1\" content=\"Written by\" \/>\n\t<meta name=\"twitter:data1\" content=\"Gra\u0111anski preokret\" \/>\n\t<meta name=\"twitter:label2\" content=\"Est. reading time\" \/>\n\t<meta name=\"twitter:data2\" content=\"2 minutes\" \/>\n<script type=\"application\/ld+json\" class=\"yoast-schema-graph\">{\"@context\":\"https:\/\/schema.org\",\"@graph\":[{\"@type\":\"Article\",\"@id\":\"https:\/\/gradjanskipreokret.rs\/index.php\/2020\/04\/26\/uspostaviti-jasne-kriterijume-podele-pomoci\/#article\",\"isPartOf\":{\"@id\":\"https:\/\/gradjanskipreokret.rs\/index.php\/2020\/04\/26\/uspostaviti-jasne-kriterijume-podele-pomoci\/\"},\"author\":{\"name\":\"Gra\u0111anski preokret\",\"@id\":\"https:\/\/gradjanskipreokret.rs\/#\/schema\/person\/0afc6a01a39afb1c9e2df1a5c7d7800d\"},\"headline\":\"Uspostaviti jasne kriterijume podele pomo\u0107i\",\"datePublished\":\"2020-04-26T07:34:42+00:00\",\"dateModified\":\"2020-04-26T07:34:45+00:00\",\"mainEntityOfPage\":{\"@id\":\"https:\/\/gradjanskipreokret.rs\/index.php\/2020\/04\/26\/uspostaviti-jasne-kriterijume-podele-pomoci\/\"},\"wordCount\":378,\"publisher\":{\"@id\":\"https:\/\/gradjanskipreokret.rs\/#organization\"},\"image\":{\"@id\":\"https:\/\/gradjanskipreokret.rs\/index.php\/2020\/04\/26\/uspostaviti-jasne-kriterijume-podele-pomoci\/#primaryimage\"},\"thumbnailUrl\":\"https:\/\/gradjanskipreokret.rs\/wp-content\/uploads\/2020\/04\/100-01.jpg\",\"articleSection\":[\"Arhiva\",\"Vesti\"],\"inLanguage\":\"en-US\"},{\"@type\":\"WebPage\",\"@id\":\"https:\/\/gradjanskipreokret.rs\/index.php\/2020\/04\/26\/uspostaviti-jasne-kriterijume-podele-pomoci\/\",\"url\":\"https:\/\/gradjanskipreokret.rs\/index.php\/2020\/04\/26\/uspostaviti-jasne-kriterijume-podele-pomoci\/\",\"name\":\"Uspostaviti jasne kriterijume podele pomo\u0107i - Gra\u0111anski preokret\",\"isPartOf\":{\"@id\":\"https:\/\/gradjanskipreokret.rs\/#website\"},\"primaryImageOfPage\":{\"@id\":\"https:\/\/gradjanskipreokret.rs\/index.php\/2020\/04\/26\/uspostaviti-jasne-kriterijume-podele-pomoci\/#primaryimage\"},\"image\":{\"@id\":\"https:\/\/gradjanskipreokret.rs\/index.php\/2020\/04\/26\/uspostaviti-jasne-kriterijume-podele-pomoci\/#primaryimage\"},\"thumbnailUrl\":\"https:\/\/gradjanskipreokret.rs\/wp-content\/uploads\/2020\/04\/100-01.jpg\",\"datePublished\":\"2020-04-26T07:34:42+00:00\",\"dateModified\":\"2020-04-26T07:34:45+00:00\",\"breadcrumb\":{\"@id\":\"https:\/\/gradjanskipreokret.rs\/index.php\/2020\/04\/26\/uspostaviti-jasne-kriterijume-podele-pomoci\/#breadcrumb\"},\"inLanguage\":\"en-US\",\"potentialAction\":[{\"@type\":\"ReadAction\",\"target\":[\"https:\/\/gradjanskipreokret.rs\/index.php\/2020\/04\/26\/uspostaviti-jasne-kriterijume-podele-pomoci\/\"]}]},{\"@type\":\"ImageObject\",\"inLanguage\":\"en-US\",\"@id\":\"https:\/\/gradjanskipreokret.rs\/index.php\/2020\/04\/26\/uspostaviti-jasne-kriterijume-podele-pomoci\/#primaryimage\",\"url\":\"https:\/\/gradjanskipreokret.rs\/wp-content\/uploads\/2020\/04\/100-01.jpg\",\"contentUrl\":\"https:\/\/gradjanskipreokret.rs\/wp-content\/uploads\/2020\/04\/100-01.jpg\",\"width\":640,\"height\":480},{\"@type\":\"BreadcrumbList\",\"@id\":\"https:\/\/gradjanskipreokret.rs\/index.php\/2020\/04\/26\/uspostaviti-jasne-kriterijume-podele-pomoci\/#breadcrumb\",\"itemListElement\":[{\"@type\":\"ListItem\",\"position\":1,\"name\":\"Home\",\"item\":\"https:\/\/gradjanskipreokret.rs\/\"},{\"@type\":\"ListItem\",\"position\":2,\"name\":\"Uspostaviti jasne kriterijume podele pomo\u0107i\"}]},{\"@type\":\"WebSite\",\"@id\":\"https:\/\/gradjanskipreokret.rs\/#website\",\"url\":\"https:\/\/gradjanskipreokret.rs\/\",\"name\":\"Gra\u0111anski preokret\",\"description\":\"Gradjanski preokret\",\"publisher\":{\"@id\":\"https:\/\/gradjanskipreokret.rs\/#organization\"},\"potentialAction\":[{\"@type\":\"SearchAction\",\"target\":{\"@type\":\"EntryPoint\",\"urlTemplate\":\"https:\/\/gradjanskipreokret.rs\/?s={search_term_string}\"},\"query-input\":{\"@type\":\"PropertyValueSpecification\",\"valueRequired\":true,\"valueName\":\"search_term_string\"}}],\"inLanguage\":\"en-US\"},{\"@type\":\"Organization\",\"@id\":\"https:\/\/gradjanskipreokret.rs\/#organization\",\"name\":\"Udru\u017eenje Gra\u0111anski preokret\",\"url\":\"https:\/\/gradjanskipreokret.rs\/\",\"logo\":{\"@type\":\"ImageObject\",\"inLanguage\":\"en-US\",\"@id\":\"https:\/\/gradjanskipreokret.rs\/#\/schema\/logo\/image\/\",\"url\":\"https:\/\/gradjanskipreokret.rs\/wp-content\/uploads\/2019\/03\/FB.png\",\"contentUrl\":\"https:\/\/gradjanskipreokret.rs\/wp-content\/uploads\/2019\/03\/FB.png\",\"width\":773,\"height\":461,\"caption\":\"Udru\u017eenje Gra\u0111anski preokret\"},\"image\":{\"@id\":\"https:\/\/gradjanskipreokret.rs\/#\/schema\/logo\/image\/\"},\"sameAs\":[\"https:\/\/www.facebook.com\/gradjanskipreokret\/\",\"https:\/\/x.com\/gpreokret\",\"https:\/\/www.youtube.com\/channel\/UCyEiTcJBTWEFn48AmyxAhsA\"]},{\"@type\":\"Person\",\"@id\":\"https:\/\/gradjanskipreokret.rs\/#\/schema\/person\/0afc6a01a39afb1c9e2df1a5c7d7800d\",\"name\":\"Gra\u0111anski preokret\",\"image\":{\"@type\":\"ImageObject\",\"inLanguage\":\"en-US\",\"@id\":\"https:\/\/gradjanskipreokret.rs\/#\/schema\/person\/image\/\",\"url\":\"https:\/\/secure.gravatar.com\/avatar\/4f775d6a27bef0662bf264239622d14941545c33046ddf7342be24dba39f1270?s=96&d=mm&r=g\",\"contentUrl\":\"https:\/\/secure.gravatar.com\/avatar\/4f775d6a27bef0662bf264239622d14941545c33046ddf7342be24dba39f1270?s=96&d=mm&r=g\",\"caption\":\"Gra\u0111anski preokret\"},\"sameAs\":[\"http:\/\/www.gradjanskipreokret.rs\"],\"url\":\"https:\/\/gradjanskipreokret.rs\/index.php\/author\/gradjan1\/\"}]}<\/script>\n<!-- \/ Yoast SEO plugin. -->","yoast_head_json":{"title":"Uspostaviti jasne kriterijume podele pomo\u0107i - Gra\u0111anski preokret","robots":{"index":"index","follow":"follow","max-snippet":"max-snippet:-1","max-image-preview":"max-image-preview:large","max-video-preview":"max-video-preview:-1"},"canonical":"https:\/\/gradjanskipreokret.rs\/index.php\/2020\/04\/26\/uspostaviti-jasne-kriterijume-podele-pomoci\/","og_locale":"en_US","og_type":"article","og_title":"Uspostaviti jasne kriterijume podele pomo\u0107i - Gra\u0111anski preokret","og_description":"\u010clanice Udru\u017eenih gra\u0111anskih pokreta izra\u017eavaju zabrinutost povodom uredbe koju je usvojila Vlada Republike Srbije u pogledu na\u010dina na koji bi","og_url":"https:\/\/gradjanskipreokret.rs\/index.php\/2020\/04\/26\/uspostaviti-jasne-kriterijume-podele-pomoci\/","og_site_name":"Gra\u0111anski preokret","article_publisher":"https:\/\/www.facebook.com\/gradjanskipreokret\/","article_published_time":"2020-04-26T07:34:42+00:00","article_modified_time":"2020-04-26T07:34:45+00:00","og_image":[{"width":640,"height":480,"url":"https:\/\/gradjanskipreokret.rs\/wp-content\/uploads\/2020\/04\/100-01.jpg","type":"image\/jpeg"}],"author":"Gra\u0111anski preokret","twitter_card":"summary_large_image","twitter_creator":"@gpreokret","twitter_site":"@gpreokret","twitter_misc":{"Written by":"Gra\u0111anski preokret","Est. reading time":"2 minutes"},"schema":{"@context":"https:\/\/schema.org","@graph":[{"@type":"Article","@id":"https:\/\/gradjanskipreokret.rs\/index.php\/2020\/04\/26\/uspostaviti-jasne-kriterijume-podele-pomoci\/#article","isPartOf":{"@id":"https:\/\/gradjanskipreokret.rs\/index.php\/2020\/04\/26\/uspostaviti-jasne-kriterijume-podele-pomoci\/"},"author":{"name":"Gra\u0111anski preokret","@id":"https:\/\/gradjanskipreokret.rs\/#\/schema\/person\/0afc6a01a39afb1c9e2df1a5c7d7800d"},"headline":"Uspostaviti jasne kriterijume podele pomo\u0107i","datePublished":"2020-04-26T07:34:42+00:00","dateModified":"2020-04-26T07:34:45+00:00","mainEntityOfPage":{"@id":"https:\/\/gradjanskipreokret.rs\/index.php\/2020\/04\/26\/uspostaviti-jasne-kriterijume-podele-pomoci\/"},"wordCount":378,"publisher":{"@id":"https:\/\/gradjanskipreokret.rs\/#organization"},"image":{"@id":"https:\/\/gradjanskipreokret.rs\/index.php\/2020\/04\/26\/uspostaviti-jasne-kriterijume-podele-pomoci\/#primaryimage"},"thumbnailUrl":"https:\/\/gradjanskipreokret.rs\/wp-content\/uploads\/2020\/04\/100-01.jpg","articleSection":["Arhiva","Vesti"],"inLanguage":"en-US"},{"@type":"WebPage","@id":"https:\/\/gradjanskipreokret.rs\/index.php\/2020\/04\/26\/uspostaviti-jasne-kriterijume-podele-pomoci\/","url":"https:\/\/gradjanskipreokret.rs\/index.php\/2020\/04\/26\/uspostaviti-jasne-kriterijume-podele-pomoci\/","name":"Uspostaviti jasne kriterijume podele pomo\u0107i - Gra\u0111anski preokret","isPartOf":{"@id":"https:\/\/gradjanskipreokret.rs\/#website"},"primaryImageOfPage":{"@id":"https:\/\/gradjanskipreokret.rs\/index.php\/2020\/04\/26\/uspostaviti-jasne-kriterijume-podele-pomoci\/#primaryimage"},"image":{"@id":"https:\/\/gradjanskipreokret.rs\/index.php\/2020\/04\/26\/uspostaviti-jasne-kriterijume-podele-pomoci\/#primaryimage"},"thumbnailUrl":"https:\/\/gradjanskipreokret.rs\/wp-content\/uploads\/2020\/04\/100-01.jpg","datePublished":"2020-04-26T07:34:42+00:00","dateModified":"2020-04-26T07:34:45+00:00","breadcrumb":{"@id":"https:\/\/gradjanskipreokret.rs\/index.php\/2020\/04\/26\/uspostaviti-jasne-kriterijume-podele-pomoci\/#breadcrumb"},"inLanguage":"en-US","potentialAction":[{"@type":"ReadAction","target":["https:\/\/gradjanskipreokret.rs\/index.php\/2020\/04\/26\/uspostaviti-jasne-kriterijume-podele-pomoci\/"]}]},{"@type":"ImageObject","inLanguage":"en-US","@id":"https:\/\/gradjanskipreokret.rs\/index.php\/2020\/04\/26\/uspostaviti-jasne-kriterijume-podele-pomoci\/#primaryimage","url":"https:\/\/gradjanskipreokret.rs\/wp-content\/uploads\/2020\/04\/100-01.jpg","contentUrl":"https:\/\/gradjanskipreokret.rs\/wp-content\/uploads\/2020\/04\/100-01.jpg","width":640,"height":480},{"@type":"BreadcrumbList","@id":"https:\/\/gradjanskipreokret.rs\/index.php\/2020\/04\/26\/uspostaviti-jasne-kriterijume-podele-pomoci\/#breadcrumb","itemListElement":[{"@type":"ListItem","position":1,"name":"Home","item":"https:\/\/gradjanskipreokret.rs\/"},{"@type":"ListItem","position":2,"name":"Uspostaviti jasne kriterijume podele pomo\u0107i"}]},{"@type":"WebSite","@id":"https:\/\/gradjanskipreokret.rs\/#website","url":"https:\/\/gradjanskipreokret.rs\/","name":"Gra\u0111anski preokret","description":"Gradjanski preokret","publisher":{"@id":"https:\/\/gradjanskipreokret.rs\/#organization"},"potentialAction":[{"@type":"SearchAction","target":{"@type":"EntryPoint","urlTemplate":"https:\/\/gradjanskipreokret.rs\/?s={search_term_string}"},"query-input":{"@type":"PropertyValueSpecification","valueRequired":true,"valueName":"search_term_string"}}],"inLanguage":"en-US"},{"@type":"Organization","@id":"https:\/\/gradjanskipreokret.rs\/#organization","name":"Udru\u017eenje Gra\u0111anski preokret","url":"https:\/\/gradjanskipreokret.rs\/","logo":{"@type":"ImageObject","inLanguage":"en-US","@id":"https:\/\/gradjanskipreokret.rs\/#\/schema\/logo\/image\/","url":"https:\/\/gradjanskipreokret.rs\/wp-content\/uploads\/2019\/03\/FB.png","contentUrl":"https:\/\/gradjanskipreokret.rs\/wp-content\/uploads\/2019\/03\/FB.png","width":773,"height":461,"caption":"Udru\u017eenje Gra\u0111anski preokret"},"image":{"@id":"https:\/\/gradjanskipreokret.rs\/#\/schema\/logo\/image\/"},"sameAs":["https:\/\/www.facebook.com\/gradjanskipreokret\/","https:\/\/x.com\/gpreokret","https:\/\/www.youtube.com\/channel\/UCyEiTcJBTWEFn48AmyxAhsA"]},{"@type":"Person","@id":"https:\/\/gradjanskipreokret.rs\/#\/schema\/person\/0afc6a01a39afb1c9e2df1a5c7d7800d","name":"Gra\u0111anski preokret","image":{"@type":"ImageObject","inLanguage":"en-US","@id":"https:\/\/gradjanskipreokret.rs\/#\/schema\/person\/image\/","url":"https:\/\/secure.gravatar.com\/avatar\/4f775d6a27bef0662bf264239622d14941545c33046ddf7342be24dba39f1270?s=96&d=mm&r=g","contentUrl":"https:\/\/secure.gravatar.com\/avatar\/4f775d6a27bef0662bf264239622d14941545c33046ddf7342be24dba39f1270?s=96&d=mm&r=g","caption":"Gra\u0111anski preokret"},"sameAs":["http:\/\/www.gradjanskipreokret.rs"],"url":"https:\/\/gradjanskipreokret.rs\/index.php\/author\/gradjan1\/"}]}},"_links":{"self":[{"href":"https:\/\/gradjanskipreokret.rs\/index.php\/wp-json\/wp\/v2\/posts\/1001","targetHints":{"allow":["GET"]}}],"collection":[{"href":"https:\/\/gradjanskipreokret.rs\/index.php\/wp-json\/wp\/v2\/posts"}],"about":[{"href":"https:\/\/gradjanskipreokret.rs\/index.php\/wp-json\/wp\/v2\/types\/post"}],"author":[{"embeddable":true,"href":"https:\/\/gradjanskipreokret.rs\/index.php\/wp-json\/wp\/v2\/users\/1"}],"replies":[{"embeddable":true,"href":"https:\/\/gradjanskipreokret.rs\/index.php\/wp-json\/wp\/v2\/comments?post=1001"}],"version-history":[{"count":1,"href":"https:\/\/gradjanskipreokret.rs\/index.php\/wp-json\/wp\/v2\/posts\/1001\/revisions"}],"predecessor-version":[{"id":1003,"href":"https:\/\/gradjanskipreokret.rs\/index.php\/wp-json\/wp\/v2\/posts\/1001\/revisions\/1003"}],"wp:featuredmedia":[{"embeddable":true,"href":"https:\/\/gradjanskipreokret.rs\/index.php\/wp-json\/wp\/v2\/media\/1002"}],"wp:attachment":[{"href":"https:\/\/gradjanskipreokret.rs\/index.php\/wp-json\/wp\/v2\/media?parent=1001"}],"wp:term":[{"taxonomy":"category","embeddable":true,"href":"https:\/\/gradjanskipreokret.rs\/index.php\/wp-json\/wp\/v2\/categories?post=1001"},{"taxonomy":"post_tag","embeddable":true,"href":"https:\/\/gradjanskipreokret.rs\/index.php\/wp-json\/wp\/v2\/tags?post=1001"}],"curies":[{"name":"wp","href":"https:\/\/api.w.org\/{rel}","templated":true}]}}